{"id":1252375,"date":"2022-07-05T15:46:30","date_gmt":"2022-07-05T13:46:30","guid":{"rendered":"https:\/\/www.medicalis.ch\/berufsausuebungsbewilligung-drei-fragen-an-david-paulou\/"},"modified":"2023-02-28T13:46:51","modified_gmt":"2023-02-28T12:46:51","slug":"berufsausuebungsbewilligung-drei-fragen-an-david-paulou","status":"publish","type":"post","link":"https:\/\/www.medicalis.ch\/de\/berufsausuebungsbewilligung-drei-fragen-an-david-paulou\/","title":{"rendered":"Berufsaus\u00fcbungsbewilligung: drei Fragen an David Paulou"},"content":{"rendered":"\n<p><em>Seit dem 1. Mai 2022 ben\u00f6tigen bestimmte Gesundheitsfachkr\u00e4fte im Kanton Genf keine formelle Berufsaus\u00fcbungsbewilligung mehr, um ihrer T\u00e4tigkeit nachzugehen. Wer profitiert davon, welche konkreten \u00c4nderungen ergeben sich f\u00fcr die Betreiber und welches Signal sendet diese Lockerung an die Branche? Antworten von David Paulou, Direktor von Medicalis, einem auf die Vermittlung von Festanstellungen und tempor\u00e4ren Eins\u00e4tzen in Gesundheits- und Pflegeberufen spezialisierten Unternehmen. <\/em><\/p>\n\n\n\n<h5 class=\"wp-block-heading\"><h5>David Paulou, Sie sind Direktor von Medicalis. Wer ist von der Aufhebung der formellen Bewilligungspflicht f\u00fcr die Berufsaus\u00fcbung im Kanton Genf am 1. Mai betroffen?<\/h5><\/h5>\n\n\n\n<p>Das betrifft insbesondere Besch\u00e4ftigte ohne F\u00fchrungsfunktion, die die Berufe Psychologe\/in, Diplomierte Pflegefachperson, Physiotherapeut\/in, Ergotherapeut\/in, Hebamme und Ern\u00e4hrungsberater\/in aus\u00fcben. F\u00fcr all diese Personen ist es nun nicht mehr notwendig, eine formelle Bewilligung f\u00fcr die Aus\u00fcbung einer beruflichen T\u00e4tigkeit im Kanton zu beantragen \u00ac\u00ac\u2013 damit f\u00e4llt diese Sonderregelung f\u00fcr Genf also weg. Da jedoch f\u00fcr die anderen Berufsgruppen, die der Bewilligungspflicht f\u00fcr die Berufsaus\u00fcbung in der Pflege unterliegen, wie Fachangestellte Gesundheit (FaGe) und medizinische Assistent\/innen, noch ein Gesetzesentwurf gepr\u00fcft wird, bleibt f\u00fcr sie die formelle Bewilligung obligatorisch. <\/p>\n\n\n\n<h5 class=\"wp-block-heading\">Welche konkreten Ver\u00e4nderungen bedeutet dies f\u00fcr die Akteure innerhalb der Branche?<\/h5>\n\n\n\n<p>In allen betroffenen Branchen und f\u00fcr alle Personen, die eine Ausbildung entsprechend der gesetzlichen Anforderungen nachweisen k\u00f6nnen, bedeutet dies eine erhebliche Zeitersparnis.  Fr\u00fcher dauerte das Verwaltungsverfahren im Zusammenhang mit der formellen Bewilligung der Berufsaus\u00fcbung bis zu sechs oder sieben Monate, heute betr\u00e4gt die Frist etwa zwei Monate.<\/p>\n\n\n\n<h5 class=\"wp-block-heading\">Wie sehen Sie diese Lockerung?<\/h5>\n\n\n\n<p>Meiner Meinung nach ist dies ein Zeichen daf\u00fcr, dass sich die Politik des Problems bewusst ist, das mit dem Fachkr\u00e4ftemangel einhergeht. Genf reagiert auf ein Bed\u00fcrfnis und sendet mit der Einf\u00fchrung dieses vereinfachten Verfahrens ein ermutigendes Signal an alle Angeh\u00f6rigen der Gesundheitsberufe. Denn jeder weiss, dass auf kantonaler und nationaler Ebene zwar Anstrengungen unternommen werden, um mehr einheimisches Pflegepersonal auszubilden, dass aber ausl\u00e4ndische Arbeitskr\u00e4fte f\u00fcr das reibungslose Funktionieren unserer Gesundheitseinrichtungen nach wie vor von entscheidender Bedeutung sind. Die Schweiz hat ein grosses Interesse daran, den Zugang zu ihrem Markt f\u00fcr die ben\u00f6tigten Mitarbeiterinnen und Mitarbeiter zu erleichtern und die Rahmenbedingungen im Gesundheitssektor zu verbessern, denn L\u00e4nder wie Frankreich, Deutschland, Belgien oder Portugal unternehmen derzeit grosse Anstrengungen, um die Gesundheitsberufe aufzuwerten. Es w\u00e4re schade, wenn sich Fachkr\u00e4fte aus verwaltungstechnischen Gr\u00fcnden von unserem Land abwenden w\u00fcrden.<\/p>\n","protected":false},"excerpt":{"rendered":"<p>Seit dem 1. Mai 2022 ben\u00f6tigen bestimmte Gesundheitsfachkr\u00e4fte im Kanton Genf keine formelle Berufsaus\u00fcbungsbewilligung mehr, um ihrer T\u00e4tigkeit nachzugehen. Wer profitiert davon, welche konkreten \u00c4nderungen ergeben sich f\u00fcr die Betreiber und welches Signal sendet diese Lockerung an die Branche? Antworten von David Paulou, Direktor von Medicalis, einem auf die Vermittlung von Festanstellungen und tempor\u00e4ren Eins\u00e4tzen [&#8230;]<\/p>\n<p><a class=\"btn btn-secondary understrap-read-more-link\" href=\"https:\/\/www.medicalis.ch\/de\/berufsausuebungsbewilligung-drei-fragen-an-david-paulou\/\">Weiterlesen&#8230;<span class=\"screen-reader-text\"> from Berufsaus\u00fcbungsbewilligung: drei Fragen an David Paulou<\/span><\/a><\/p>\n","protected":false},"author":13,"featured_media":1250281,"comment_status":"closed","ping_status":"closed","sticky":false,"template":"","format":"standard","meta":{"_monsterinsights_skip_tracking":false,"_monsterinsights_sitenote_active":false,"_monsterinsights_sitenote_note":"","_monsterinsights_sitenote_category":0,"footnotes":""},"categories":[68],"tags":[],"class_list":["post-1252375","post","type-post","status-publish","format-standard","has-post-thumbnail","hentry","category-news-de"],"yoast_head":"<!-- This site is optimized with the Yoast SEO plugin v26.9 - https:\/\/yoast.com\/product\/yoast-seo-wordpress\/ -->\n<title>Berufsaus\u00fcbungsbewilligung: drei Fragen an David Paulou - Medicalis<\/title>\n<meta name=\"robots\" content=\"index, follow, max-snippet:-1, max-image-preview:large, max-video-preview:-1\" \/>\n<link rel=\"canonical\" href=\"https:\/\/www.medicalis.ch\/de\/berufsausuebungsbewilligung-drei-fragen-an-david-paulou\/\" \/>\n<meta property=\"og:locale\" content=\"de_DE\" \/>\n<meta property=\"og:type\" content=\"article\" \/>\n<meta property=\"og:title\" content=\"Berufsaus\u00fcbungsbewilligung: drei Fragen an David Paulou - Medicalis\" \/>\n<meta property=\"og:description\" content=\"Seit dem 1. Mai 2022 ben\u00f6tigen bestimmte Gesundheitsfachkr\u00e4fte im Kanton Genf keine formelle Berufsaus\u00fcbungsbewilligung mehr, um ihrer T\u00e4tigkeit nachzugehen. Wer profitiert davon, welche konkreten \u00c4nderungen ergeben sich f\u00fcr die Betreiber und welches Signal sendet diese Lockerung an die Branche? Antworten von David Paulou, Direktor von Medicalis, einem auf die Vermittlung von Festanstellungen und tempor\u00e4ren Eins\u00e4tzen [...]Weiterlesen... from Berufsaus\u00fcbungsbewilligung: drei Fragen an David Paulou\" \/>\n<meta property=\"og:url\" content=\"https:\/\/www.medicalis.ch\/de\/berufsausuebungsbewilligung-drei-fragen-an-david-paulou\/\" \/>\n<meta property=\"og:site_name\" content=\"Medicalis\" \/>\n<meta property=\"article:publisher\" content=\"https:\/\/www.facebook.com\/Medicalis-1737325559702106\/\" \/>\n<meta property=\"article:published_time\" content=\"2022-07-05T13:46:30+00:00\" \/>\n<meta property=\"article:modified_time\" content=\"2023-02-28T12:46:51+00:00\" \/>\n<meta property=\"og:image\" content=\"https:\/\/www.medicalis.ch\/wp-content\/uploads\/2022\/07\/Medicalis_Article_Droit-pratique-1.png\" \/>\n\t<meta property=\"og:image:width\" content=\"1200\" \/>\n\t<meta property=\"og:image:height\" content=\"630\" \/>\n\t<meta property=\"og:image:type\" content=\"image\/png\" \/>\n<meta name=\"author\" content=\"Marketing\" \/>\n<meta name=\"twitter:card\" content=\"summary_large_image\" \/>\n<meta name=\"twitter:label1\" content=\"Verfasst von\" \/>\n\t<meta name=\"twitter:data1\" content=\"Marketing\" \/>\n\t<meta name=\"twitter:label2\" content=\"Gesch\u00e4tzte Lesezeit\" \/>\n\t<meta name=\"twitter:data2\" content=\"2\u00a0Minuten\" \/>\n<script type=\"application\/ld+json\" class=\"yoast-schema-graph\">{\"@context\":\"https:\/\/schema.org\",\"@graph\":[{\"@type\":\"Article\",\"@id\":\"https:\/\/www.medicalis.ch\/de\/berufsausuebungsbewilligung-drei-fragen-an-david-paulou\/#article\",\"isPartOf\":{\"@id\":\"https:\/\/www.medicalis.ch\/de\/berufsausuebungsbewilligung-drei-fragen-an-david-paulou\/\"},\"author\":{\"name\":\"Marketing\",\"@id\":\"https:\/\/www.medicalis.ch\/de\/#\/schema\/person\/ad628b7940e64ad904db3a178a4b8afe\"},\"headline\":\"Berufsaus\u00fcbungsbewilligung: drei Fragen an David Paulou\",\"datePublished\":\"2022-07-05T13:46:30+00:00\",\"dateModified\":\"2023-02-28T12:46:51+00:00\",\"mainEntityOfPage\":{\"@id\":\"https:\/\/www.medicalis.ch\/de\/berufsausuebungsbewilligung-drei-fragen-an-david-paulou\/\"},\"wordCount\":422,\"publisher\":{\"@id\":\"https:\/\/www.medicalis.ch\/de\/#organization\"},\"image\":{\"@id\":\"https:\/\/www.medicalis.ch\/de\/berufsausuebungsbewilligung-drei-fragen-an-david-paulou\/#primaryimage\"},\"thumbnailUrl\":\"https:\/\/www.medicalis.ch\/wp-content\/uploads\/2022\/07\/Medicalis_Article_Droit-pratique-1.png\",\"articleSection\":[\"Aktuelles\"],\"inLanguage\":\"de\"},{\"@type\":\"WebPage\",\"@id\":\"https:\/\/www.medicalis.ch\/de\/berufsausuebungsbewilligung-drei-fragen-an-david-paulou\/\",\"url\":\"https:\/\/www.medicalis.ch\/de\/berufsausuebungsbewilligung-drei-fragen-an-david-paulou\/\",\"name\":\"Berufsaus\u00fcbungsbewilligung: drei Fragen an David Paulou - Medicalis\",\"isPartOf\":{\"@id\":\"https:\/\/www.medicalis.ch\/de\/#website\"},\"primaryImageOfPage\":{\"@id\":\"https:\/\/www.medicalis.ch\/de\/berufsausuebungsbewilligung-drei-fragen-an-david-paulou\/#primaryimage\"},\"image\":{\"@id\":\"https:\/\/www.medicalis.ch\/de\/berufsausuebungsbewilligung-drei-fragen-an-david-paulou\/#primaryimage\"},\"thumbnailUrl\":\"https:\/\/www.medicalis.ch\/wp-content\/uploads\/2022\/07\/Medicalis_Article_Droit-pratique-1.png\",\"datePublished\":\"2022-07-05T13:46:30+00:00\",\"dateModified\":\"2023-02-28T12:46:51+00:00\",\"breadcrumb\":{\"@id\":\"https:\/\/www.medicalis.ch\/de\/berufsausuebungsbewilligung-drei-fragen-an-david-paulou\/#breadcrumb\"},\"inLanguage\":\"de\",\"potentialAction\":[{\"@type\":\"ReadAction\",\"target\":[\"https:\/\/www.medicalis.ch\/de\/berufsausuebungsbewilligung-drei-fragen-an-david-paulou\/\"]}]},{\"@type\":\"ImageObject\",\"inLanguage\":\"de\",\"@id\":\"https:\/\/www.medicalis.ch\/de\/berufsausuebungsbewilligung-drei-fragen-an-david-paulou\/#primaryimage\",\"url\":\"https:\/\/www.medicalis.ch\/wp-content\/uploads\/2022\/07\/Medicalis_Article_Droit-pratique-1.png\",\"contentUrl\":\"https:\/\/www.medicalis.ch\/wp-content\/uploads\/2022\/07\/Medicalis_Article_Droit-pratique-1.png\",\"width\":1200,\"height\":630},{\"@type\":\"BreadcrumbList\",\"@id\":\"https:\/\/www.medicalis.ch\/de\/berufsausuebungsbewilligung-drei-fragen-an-david-paulou\/#breadcrumb\",\"itemListElement\":[{\"@type\":\"ListItem\",\"position\":1,\"name\":\"Accueil\",\"item\":\"https:\/\/www.medicalis.ch\/de\/\"},{\"@type\":\"ListItem\",\"position\":2,\"name\":\"Berufsaus\u00fcbungsbewilligung: drei Fragen an David Paulou\"}]},{\"@type\":\"WebSite\",\"@id\":\"https:\/\/www.medicalis.ch\/de\/#website\",\"url\":\"https:\/\/www.medicalis.ch\/de\/\",\"name\":\"Medicalis\",\"description\":\"\",\"publisher\":{\"@id\":\"https:\/\/www.medicalis.ch\/de\/#organization\"},\"potentialAction\":[{\"@type\":\"SearchAction\",\"target\":{\"@type\":\"EntryPoint\",\"urlTemplate\":\"https:\/\/www.medicalis.ch\/de\/?s={search_term_string}\"},\"query-input\":{\"@type\":\"PropertyValueSpecification\",\"valueRequired\":true,\"valueName\":\"search_term_string\"}}],\"inLanguage\":\"de\"},{\"@type\":\"Organization\",\"@id\":\"https:\/\/www.medicalis.ch\/de\/#organization\",\"name\":\"Medicalis\",\"url\":\"https:\/\/www.medicalis.ch\/de\/\",\"logo\":{\"@type\":\"ImageObject\",\"inLanguage\":\"de\",\"@id\":\"https:\/\/www.medicalis.ch\/de\/#\/schema\/logo\/image\/\",\"url\":\"https:\/\/www.medicalis.ch\/wp-content\/uploads\/2022\/12\/Medicalis_logotype_RVB_217x68.png\",\"contentUrl\":\"https:\/\/www.medicalis.ch\/wp-content\/uploads\/2022\/12\/Medicalis_logotype_RVB_217x68.png\",\"width\":217,\"height\":68,\"caption\":\"Medicalis\"},\"image\":{\"@id\":\"https:\/\/www.medicalis.ch\/de\/#\/schema\/logo\/image\/\"},\"sameAs\":[\"https:\/\/www.facebook.com\/Medicalis-1737325559702106\/\",\"https:\/\/www.linkedin.com\/company\/19057976\/\"]},{\"@type\":\"Person\",\"@id\":\"https:\/\/www.medicalis.ch\/de\/#\/schema\/person\/ad628b7940e64ad904db3a178a4b8afe\",\"name\":\"Marketing\",\"image\":{\"@type\":\"ImageObject\",\"inLanguage\":\"de\",\"@id\":\"https:\/\/www.medicalis.ch\/de\/#\/schema\/person\/image\/\",\"url\":\"https:\/\/secure.gravatar.com\/avatar\/f195d15fff822d4a270e0b5fb1a9e8c2747b615b4a99b3fcec5f6fcaf8b72d03?s=96&d=mm&r=g\",\"contentUrl\":\"https:\/\/secure.gravatar.com\/avatar\/f195d15fff822d4a270e0b5fb1a9e8c2747b615b4a99b3fcec5f6fcaf8b72d03?s=96&d=mm&r=g\",\"caption\":\"Marketing\"},\"url\":\"https:\/\/www.medicalis.ch\/de\/author\/teammarketing\/\"}]}<\/script>\n<!-- \/ Yoast SEO plugin. -->","yoast_head_json":{"title":"Berufsaus\u00fcbungsbewilligung: drei Fragen an David Paulou - Medicalis","robots":{"index":"index","follow":"follow","max-snippet":"max-snippet:-1","max-image-preview":"max-image-preview:large","max-video-preview":"max-video-preview:-1"},"canonical":"https:\/\/www.medicalis.ch\/de\/berufsausuebungsbewilligung-drei-fragen-an-david-paulou\/","og_locale":"de_DE","og_type":"article","og_title":"Berufsaus\u00fcbungsbewilligung: drei Fragen an David Paulou - Medicalis","og_description":"Seit dem 1. Mai 2022 ben\u00f6tigen bestimmte Gesundheitsfachkr\u00e4fte im Kanton Genf keine formelle Berufsaus\u00fcbungsbewilligung mehr, um ihrer T\u00e4tigkeit nachzugehen. Wer profitiert davon, welche konkreten \u00c4nderungen ergeben sich f\u00fcr die Betreiber und welches Signal sendet diese Lockerung an die Branche? Antworten von David Paulou, Direktor von Medicalis, einem auf die Vermittlung von Festanstellungen und tempor\u00e4ren Eins\u00e4tzen [...]Weiterlesen... from Berufsaus\u00fcbungsbewilligung: drei Fragen an David Paulou","og_url":"https:\/\/www.medicalis.ch\/de\/berufsausuebungsbewilligung-drei-fragen-an-david-paulou\/","og_site_name":"Medicalis","article_publisher":"https:\/\/www.facebook.com\/Medicalis-1737325559702106\/","article_published_time":"2022-07-05T13:46:30+00:00","article_modified_time":"2023-02-28T12:46:51+00:00","og_image":[{"width":1200,"height":630,"url":"https:\/\/www.medicalis.ch\/wp-content\/uploads\/2022\/07\/Medicalis_Article_Droit-pratique-1.png","type":"image\/png"}],"author":"Marketing","twitter_card":"summary_large_image","twitter_misc":{"Verfasst von":"Marketing","Gesch\u00e4tzte Lesezeit":"2\u00a0Minuten"},"schema":{"@context":"https:\/\/schema.org","@graph":[{"@type":"Article","@id":"https:\/\/www.medicalis.ch\/de\/berufsausuebungsbewilligung-drei-fragen-an-david-paulou\/#article","isPartOf":{"@id":"https:\/\/www.medicalis.ch\/de\/berufsausuebungsbewilligung-drei-fragen-an-david-paulou\/"},"author":{"name":"Marketing","@id":"https:\/\/www.medicalis.ch\/de\/#\/schema\/person\/ad628b7940e64ad904db3a178a4b8afe"},"headline":"Berufsaus\u00fcbungsbewilligung: drei Fragen an David Paulou","datePublished":"2022-07-05T13:46:30+00:00","dateModified":"2023-02-28T12:46:51+00:00","mainEntityOfPage":{"@id":"https:\/\/www.medicalis.ch\/de\/berufsausuebungsbewilligung-drei-fragen-an-david-paulou\/"},"wordCount":422,"publisher":{"@id":"https:\/\/www.medicalis.ch\/de\/#organization"},"image":{"@id":"https:\/\/www.medicalis.ch\/de\/berufsausuebungsbewilligung-drei-fragen-an-david-paulou\/#primaryimage"},"thumbnailUrl":"https:\/\/www.medicalis.ch\/wp-content\/uploads\/2022\/07\/Medicalis_Article_Droit-pratique-1.png","articleSection":["Aktuelles"],"inLanguage":"de"},{"@type":"WebPage","@id":"https:\/\/www.medicalis.ch\/de\/berufsausuebungsbewilligung-drei-fragen-an-david-paulou\/","url":"https:\/\/www.medicalis.ch\/de\/berufsausuebungsbewilligung-drei-fragen-an-david-paulou\/","name":"Berufsaus\u00fcbungsbewilligung: drei Fragen an David Paulou - Medicalis","isPartOf":{"@id":"https:\/\/www.medicalis.ch\/de\/#website"},"primaryImageOfPage":{"@id":"https:\/\/www.medicalis.ch\/de\/berufsausuebungsbewilligung-drei-fragen-an-david-paulou\/#primaryimage"},"image":{"@id":"https:\/\/www.medicalis.ch\/de\/berufsausuebungsbewilligung-drei-fragen-an-david-paulou\/#primaryimage"},"thumbnailUrl":"https:\/\/www.medicalis.ch\/wp-content\/uploads\/2022\/07\/Medicalis_Article_Droit-pratique-1.png","datePublished":"2022-07-05T13:46:30+00:00","dateModified":"2023-02-28T12:46:51+00:00","breadcrumb":{"@id":"https:\/\/www.medicalis.ch\/de\/berufsausuebungsbewilligung-drei-fragen-an-david-paulou\/#breadcrumb"},"inLanguage":"de","potentialAction":[{"@type":"ReadAction","target":["https:\/\/www.medicalis.ch\/de\/berufsausuebungsbewilligung-drei-fragen-an-david-paulou\/"]}]},{"@type":"ImageObject","inLanguage":"de","@id":"https:\/\/www.medicalis.ch\/de\/berufsausuebungsbewilligung-drei-fragen-an-david-paulou\/#primaryimage","url":"https:\/\/www.medicalis.ch\/wp-content\/uploads\/2022\/07\/Medicalis_Article_Droit-pratique-1.png","contentUrl":"https:\/\/www.medicalis.ch\/wp-content\/uploads\/2022\/07\/Medicalis_Article_Droit-pratique-1.png","width":1200,"height":630},{"@type":"BreadcrumbList","@id":"https:\/\/www.medicalis.ch\/de\/berufsausuebungsbewilligung-drei-fragen-an-david-paulou\/#breadcrumb","itemListElement":[{"@type":"ListItem","position":1,"name":"Accueil","item":"https:\/\/www.medicalis.ch\/de\/"},{"@type":"ListItem","position":2,"name":"Berufsaus\u00fcbungsbewilligung: drei Fragen an David Paulou"}]},{"@type":"WebSite","@id":"https:\/\/www.medicalis.ch\/de\/#website","url":"https:\/\/www.medicalis.ch\/de\/","name":"Medicalis","description":"","publisher":{"@id":"https:\/\/www.medicalis.ch\/de\/#organization"},"potentialAction":[{"@type":"SearchAction","target":{"@type":"EntryPoint","urlTemplate":"https:\/\/www.medicalis.ch\/de\/?s={search_term_string}"},"query-input":{"@type":"PropertyValueSpecification","valueRequired":true,"valueName":"search_term_string"}}],"inLanguage":"de"},{"@type":"Organization","@id":"https:\/\/www.medicalis.ch\/de\/#organization","name":"Medicalis","url":"https:\/\/www.medicalis.ch\/de\/","logo":{"@type":"ImageObject","inLanguage":"de","@id":"https:\/\/www.medicalis.ch\/de\/#\/schema\/logo\/image\/","url":"https:\/\/www.medicalis.ch\/wp-content\/uploads\/2022\/12\/Medicalis_logotype_RVB_217x68.png","contentUrl":"https:\/\/www.medicalis.ch\/wp-content\/uploads\/2022\/12\/Medicalis_logotype_RVB_217x68.png","width":217,"height":68,"caption":"Medicalis"},"image":{"@id":"https:\/\/www.medicalis.ch\/de\/#\/schema\/logo\/image\/"},"sameAs":["https:\/\/www.facebook.com\/Medicalis-1737325559702106\/","https:\/\/www.linkedin.com\/company\/19057976\/"]},{"@type":"Person","@id":"https:\/\/www.medicalis.ch\/de\/#\/schema\/person\/ad628b7940e64ad904db3a178a4b8afe","name":"Marketing","image":{"@type":"ImageObject","inLanguage":"de","@id":"https:\/\/www.medicalis.ch\/de\/#\/schema\/person\/image\/","url":"https:\/\/secure.gravatar.com\/avatar\/f195d15fff822d4a270e0b5fb1a9e8c2747b615b4a99b3fcec5f6fcaf8b72d03?s=96&d=mm&r=g","contentUrl":"https:\/\/secure.gravatar.com\/avatar\/f195d15fff822d4a270e0b5fb1a9e8c2747b615b4a99b3fcec5f6fcaf8b72d03?s=96&d=mm&r=g","caption":"Marketing"},"url":"https:\/\/www.medicalis.ch\/de\/author\/teammarketing\/"}]}},"_links":{"self":[{"href":"https:\/\/www.medicalis.ch\/de\/wp-json\/wp\/v2\/posts\/1252375","targetHints":{"allow":["GET"]}}],"collection":[{"href":"https:\/\/www.medicalis.ch\/de\/wp-json\/wp\/v2\/posts"}],"about":[{"href":"https:\/\/www.medicalis.ch\/de\/wp-json\/wp\/v2\/types\/post"}],"author":[{"embeddable":true,"href":"https:\/\/www.medicalis.ch\/de\/wp-json\/wp\/v2\/users\/13"}],"replies":[{"embeddable":true,"href":"https:\/\/www.medicalis.ch\/de\/wp-json\/wp\/v2\/comments?post=1252375"}],"version-history":[{"count":4,"href":"https:\/\/www.medicalis.ch\/de\/wp-json\/wp\/v2\/posts\/1252375\/revisions"}],"predecessor-version":[{"id":1260606,"href":"https:\/\/www.medicalis.ch\/de\/wp-json\/wp\/v2\/posts\/1252375\/revisions\/1260606"}],"wp:featuredmedia":[{"embeddable":true,"href":"https:\/\/www.medicalis.ch\/de\/wp-json\/wp\/v2\/media\/1250281"}],"wp:attachment":[{"href":"https:\/\/www.medicalis.ch\/de\/wp-json\/wp\/v2\/media?parent=1252375"}],"wp:term":[{"taxonomy":"category","embeddable":true,"href":"https:\/\/www.medicalis.ch\/de\/wp-json\/wp\/v2\/categories?post=1252375"},{"taxonomy":"post_tag","embeddable":true,"href":"https:\/\/www.medicalis.ch\/de\/wp-json\/wp\/v2\/tags?post=1252375"}],"curies":[{"name":"wp","href":"https:\/\/api.w.org\/{rel}","templated":true}]}}