{"id":1259569,"date":"2022-11-04T11:23:57","date_gmt":"2022-11-04T10:23:57","guid":{"rendered":"https:\/\/www.medicalis.ch\/celine-maeder-neue-agenturleiterin\/"},"modified":"2023-02-28T13:46:39","modified_gmt":"2023-02-28T12:46:39","slug":"celine-maeder-neue-agenturleiterin","status":"publish","type":"post","link":"https:\/\/www.medicalis.ch\/de\/celine-maeder-neue-agenturleiterin\/","title":{"rendered":"C\u00e9line M\u00e4der, neue Agenturleiterin"},"content":{"rendered":"\n<p>C\u00e9line M\u00e4der tritt der Medicalis SA als Niederlassungsleiterin in der Niederlassung Neuch\u00e2tel bei. Sie folgt auf Delphine Houg, die sich einer neuen Herausforderung und einem neuen Projekt in der Pflege in Neuch\u00e2tel zugewandt hat. Auch ihr gratulieren wir herzlich und w\u00fcnschen viel Erfolg. <\/p>\n\n\n\n<p>C\u00e9line M\u00e4der, Schweizerin und wohnhaft in La Chaux-de-Fonds, verf\u00fcgt \u00fcber ausgewiesene Erfahrung im Pflege- und Teammanagement. Sie trat ihre neue Stelle am 1. November 2022 an.<\/p>\n\n\n\n<p>C\u00e9line, von Beruf diplomierte Pflegefachfrau mit Schwerpunkt An\u00e4sthesie, war in ihrer vorherigen Position Pflegedienstleiterin An\u00e4sthesie in Neuenburg. Im Rahmen ihrer T\u00e4tigkeit als Aktion\u00e4rin und Co-Gesch\u00e4ftsf\u00fchrerin von Top-Anesth\u00e9sie Sarl hat sie zahlreiche Projekte durchgef\u00fchrt und mit mehreren Einrichtungen in der Westschweiz, insbesondere in Neuch\u00e2tel, zusammengearbeitet.<\/p>\n\n\n\n<p>Davor war sie in verschiedenen Positionen als Teamleiterin und diplomierte Pflegefachfrau An\u00e4sthesie t\u00e4tig.<\/p>\n\n\n\n<h2 class=\"has-medium-font-size wp-block-heading\">Eine lange regionale Erfahrung<\/h2>\n\n\n\n<p>C\u00e9line M\u00e4der, arbeitet seit 10 Jahren im Gesundheitswesen im Kanton Neuenburg; Sie erwarb solide Erfahrungen und baute sich ein entsprechendes Netzwerk auf. W\u00e4hrend dieser Zeit hat sie verschiedene Ebenen erklommen und verf\u00fcgt daher \u00fcber einen vollst\u00e4ndigen Hintergrund, sowohl im Pflegebereich als auch im Teammanagement im Kanton Neuenburg.<\/p>\n\n\n\n<p>Nach ihrem Studium zur diplomierten Pflegefachfrau An\u00e4sthesie hat sie sich regelm\u00e4ssig im Management fortgebildet. Sie hat mehrere Diplome im Bereich Supervision erworben: F\u00fchrungszeugnis 2017, dann eidg. Fachausweis Teamleiterin in sozialen und medizinisch-sozialen Einrichtungen 2018.<\/p>\n\n\n\n<p>So viele Erfahrungen und F\u00e4higkeiten, die es C\u00e9line M\u00e4der erm\u00f6glichen werden, die Entwicklung der Neuenburger Agentur fortzusetzen.<\/p>\n\n\n\n<p>Der Eintritt von C\u00e9line bei Medicalis SA unterstreicht erneut unseren Wunsch, unsere Position als Spezialist f\u00fcr Gesundheitsberufe in der Westschweiz zu best\u00e4tigen, indem wir Partnereinrichtungen einen qualitativ hochwertigen Service anbieten.<\/p>\n\n\n\n<p>Medicalis begr\u00fcsst C\u00e9line M\u00e4der!<\/p>\n","protected":false},"excerpt":{"rendered":"<p>C\u00e9line M\u00e4der tritt der Medicalis SA als Niederlassungsleiterin in der Niederlassung Neuch\u00e2tel bei. Sie folgt auf Delphine Houg, die sich einer neuen Herausforderung und einem neuen Projekt in der Pflege in Neuch\u00e2tel zugewandt hat. Auch ihr gratulieren wir herzlich und w\u00fcnschen viel Erfolg. C\u00e9line M\u00e4der, Schweizerin und wohnhaft in La Chaux-de-Fonds, verf\u00fcgt \u00fcber ausgewiesene Erfahrung [&#8230;]<\/p>\n<p><a class=\"btn btn-secondary understrap-read-more-link\" href=\"https:\/\/www.medicalis.ch\/de\/celine-maeder-neue-agenturleiterin\/\">Weiterlesen&#8230;<span class=\"screen-reader-text\"> from C\u00e9line M\u00e4der, neue Agenturleiterin<\/span><\/a><\/p>\n","protected":false},"author":13,"featured_media":1259573,"comment_status":"open","ping_status":"open","sticky":false,"template":"","format":"standard","meta":{"_monsterinsights_skip_tracking":false,"_monsterinsights_sitenote_active":false,"_monsterinsights_sitenote_note":"","_monsterinsights_sitenote_category":0,"footnotes":""},"categories":[68],"tags":[],"class_list":["post-1259569","post","type-post","status-publish","format-standard","has-post-thumbnail","hentry","category-news-de"],"yoast_head":"<!-- This site is optimized with the Yoast SEO plugin v26.9 - https:\/\/yoast.com\/product\/yoast-seo-wordpress\/ -->\n<title>C\u00e9line M\u00e4der, neue Agenturleiterin - Medicalis<\/title>\n<meta name=\"robots\" content=\"index, follow, max-snippet:-1, max-image-preview:large, max-video-preview:-1\" \/>\n<link rel=\"canonical\" href=\"https:\/\/www.medicalis.ch\/de\/celine-maeder-neue-agenturleiterin\/\" \/>\n<meta property=\"og:locale\" content=\"de_DE\" \/>\n<meta property=\"og:type\" content=\"article\" \/>\n<meta property=\"og:title\" content=\"C\u00e9line M\u00e4der, neue Agenturleiterin - Medicalis\" \/>\n<meta property=\"og:description\" content=\"C\u00e9line M\u00e4der tritt der Medicalis SA als Niederlassungsleiterin in der Niederlassung Neuch\u00e2tel bei. Sie folgt auf Delphine Houg, die sich einer neuen Herausforderung und einem neuen Projekt in der Pflege in Neuch\u00e2tel zugewandt hat. Auch ihr gratulieren wir herzlich und w\u00fcnschen viel Erfolg. C\u00e9line M\u00e4der, Schweizerin und wohnhaft in La Chaux-de-Fonds, verf\u00fcgt \u00fcber ausgewiesene Erfahrung [...]Weiterlesen... from C\u00e9line M\u00e4der, neue Agenturleiterin\" \/>\n<meta property=\"og:url\" content=\"https:\/\/www.medicalis.ch\/de\/celine-maeder-neue-agenturleiterin\/\" \/>\n<meta property=\"og:site_name\" content=\"Medicalis\" \/>\n<meta property=\"article:publisher\" content=\"https:\/\/www.facebook.com\/Medicalis-1737325559702106\/\" \/>\n<meta property=\"article:published_time\" content=\"2022-11-04T10:23:57+00:00\" \/>\n<meta property=\"article:modified_time\" content=\"2023-02-28T12:46:39+00:00\" \/>\n<meta property=\"og:image\" content=\"https:\/\/www.medicalis.ch\/wp-content\/uploads\/2022\/11\/Celine-Maeder-1200x630-1.jpg\" \/>\n\t<meta property=\"og:image:width\" content=\"768\" \/>\n\t<meta property=\"og:image:height\" content=\"403\" \/>\n\t<meta property=\"og:image:type\" content=\"image\/jpeg\" \/>\n<meta name=\"author\" content=\"Marketing\" \/>\n<meta name=\"twitter:card\" content=\"summary_large_image\" \/>\n<meta name=\"twitter:label1\" content=\"Verfasst von\" \/>\n\t<meta name=\"twitter:data1\" content=\"Marketing\" \/>\n\t<meta name=\"twitter:label2\" content=\"Gesch\u00e4tzte Lesezeit\" \/>\n\t<meta name=\"twitter:data2\" content=\"2\u00a0Minuten\" \/>\n<script type=\"application\/ld+json\" class=\"yoast-schema-graph\">{\"@context\":\"https:\/\/schema.org\",\"@graph\":[{\"@type\":\"Article\",\"@id\":\"https:\/\/www.medicalis.ch\/de\/celine-maeder-neue-agenturleiterin\/#article\",\"isPartOf\":{\"@id\":\"https:\/\/www.medicalis.ch\/de\/celine-maeder-neue-agenturleiterin\/\"},\"author\":{\"name\":\"Marketing\",\"@id\":\"https:\/\/www.medicalis.ch\/de\/#\/schema\/person\/ad628b7940e64ad904db3a178a4b8afe\"},\"headline\":\"C\u00e9line M\u00e4der, neue Agenturleiterin\",\"datePublished\":\"2022-11-04T10:23:57+00:00\",\"dateModified\":\"2023-02-28T12:46:39+00:00\",\"mainEntityOfPage\":{\"@id\":\"https:\/\/www.medicalis.ch\/de\/celine-maeder-neue-agenturleiterin\/\"},\"wordCount\":301,\"commentCount\":0,\"publisher\":{\"@id\":\"https:\/\/www.medicalis.ch\/de\/#organization\"},\"image\":{\"@id\":\"https:\/\/www.medicalis.ch\/de\/celine-maeder-neue-agenturleiterin\/#primaryimage\"},\"thumbnailUrl\":\"https:\/\/www.medicalis.ch\/wp-content\/uploads\/2022\/11\/Celine-Maeder-1200x630-1.jpg\",\"articleSection\":[\"Aktuelles\"],\"inLanguage\":\"de\",\"potentialAction\":[{\"@type\":\"CommentAction\",\"name\":\"Comment\",\"target\":[\"https:\/\/www.medicalis.ch\/de\/celine-maeder-neue-agenturleiterin\/#respond\"]}]},{\"@type\":\"WebPage\",\"@id\":\"https:\/\/www.medicalis.ch\/de\/celine-maeder-neue-agenturleiterin\/\",\"url\":\"https:\/\/www.medicalis.ch\/de\/celine-maeder-neue-agenturleiterin\/\",\"name\":\"C\u00e9line M\u00e4der, neue Agenturleiterin - Medicalis\",\"isPartOf\":{\"@id\":\"https:\/\/www.medicalis.ch\/de\/#website\"},\"primaryImageOfPage\":{\"@id\":\"https:\/\/www.medicalis.ch\/de\/celine-maeder-neue-agenturleiterin\/#primaryimage\"},\"image\":{\"@id\":\"https:\/\/www.medicalis.ch\/de\/celine-maeder-neue-agenturleiterin\/#primaryimage\"},\"thumbnailUrl\":\"https:\/\/www.medicalis.ch\/wp-content\/uploads\/2022\/11\/Celine-Maeder-1200x630-1.jpg\",\"datePublished\":\"2022-11-04T10:23:57+00:00\",\"dateModified\":\"2023-02-28T12:46:39+00:00\",\"breadcrumb\":{\"@id\":\"https:\/\/www.medicalis.ch\/de\/celine-maeder-neue-agenturleiterin\/#breadcrumb\"},\"inLanguage\":\"de\",\"potentialAction\":[{\"@type\":\"ReadAction\",\"target\":[\"https:\/\/www.medicalis.ch\/de\/celine-maeder-neue-agenturleiterin\/\"]}]},{\"@type\":\"ImageObject\",\"inLanguage\":\"de\",\"@id\":\"https:\/\/www.medicalis.ch\/de\/celine-maeder-neue-agenturleiterin\/#primaryimage\",\"url\":\"https:\/\/www.medicalis.ch\/wp-content\/uploads\/2022\/11\/Celine-Maeder-1200x630-1.jpg\",\"contentUrl\":\"https:\/\/www.medicalis.ch\/wp-content\/uploads\/2022\/11\/Celine-Maeder-1200x630-1.jpg\",\"width\":768,\"height\":403},{\"@type\":\"BreadcrumbList\",\"@id\":\"https:\/\/www.medicalis.ch\/de\/celine-maeder-neue-agenturleiterin\/#breadcrumb\",\"itemListElement\":[{\"@type\":\"ListItem\",\"position\":1,\"name\":\"Accueil\",\"item\":\"https:\/\/www.medicalis.ch\/de\/\"},{\"@type\":\"ListItem\",\"position\":2,\"name\":\"C\u00e9line M\u00e4der, neue Agenturleiterin\"}]},{\"@type\":\"WebSite\",\"@id\":\"https:\/\/www.medicalis.ch\/de\/#website\",\"url\":\"https:\/\/www.medicalis.ch\/de\/\",\"name\":\"Medicalis\",\"description\":\"\",\"publisher\":{\"@id\":\"https:\/\/www.medicalis.ch\/de\/#organization\"},\"potentialAction\":[{\"@type\":\"SearchAction\",\"target\":{\"@type\":\"EntryPoint\",\"urlTemplate\":\"https:\/\/www.medicalis.ch\/de\/?s={search_term_string}\"},\"query-input\":{\"@type\":\"PropertyValueSpecification\",\"valueRequired\":true,\"valueName\":\"search_term_string\"}}],\"inLanguage\":\"de\"},{\"@type\":\"Organization\",\"@id\":\"https:\/\/www.medicalis.ch\/de\/#organization\",\"name\":\"Medicalis\",\"url\":\"https:\/\/www.medicalis.ch\/de\/\",\"logo\":{\"@type\":\"ImageObject\",\"inLanguage\":\"de\",\"@id\":\"https:\/\/www.medicalis.ch\/de\/#\/schema\/logo\/image\/\",\"url\":\"https:\/\/www.medicalis.ch\/wp-content\/uploads\/2022\/12\/Medicalis_logotype_RVB_217x68.png\",\"contentUrl\":\"https:\/\/www.medicalis.ch\/wp-content\/uploads\/2022\/12\/Medicalis_logotype_RVB_217x68.png\",\"width\":217,\"height\":68,\"caption\":\"Medicalis\"},\"image\":{\"@id\":\"https:\/\/www.medicalis.ch\/de\/#\/schema\/logo\/image\/\"},\"sameAs\":[\"https:\/\/www.facebook.com\/Medicalis-1737325559702106\/\",\"https:\/\/www.linkedin.com\/company\/19057976\/\"]},{\"@type\":\"Person\",\"@id\":\"https:\/\/www.medicalis.ch\/de\/#\/schema\/person\/ad628b7940e64ad904db3a178a4b8afe\",\"name\":\"Marketing\",\"image\":{\"@type\":\"ImageObject\",\"inLanguage\":\"de\",\"@id\":\"https:\/\/www.medicalis.ch\/de\/#\/schema\/person\/image\/\",\"url\":\"https:\/\/secure.gravatar.com\/avatar\/f195d15fff822d4a270e0b5fb1a9e8c2747b615b4a99b3fcec5f6fcaf8b72d03?s=96&d=mm&r=g\",\"contentUrl\":\"https:\/\/secure.gravatar.com\/avatar\/f195d15fff822d4a270e0b5fb1a9e8c2747b615b4a99b3fcec5f6fcaf8b72d03?s=96&d=mm&r=g\",\"caption\":\"Marketing\"},\"url\":\"https:\/\/www.medicalis.ch\/de\/author\/teammarketing\/\"}]}<\/script>\n<!-- \/ Yoast SEO plugin. -->","yoast_head_json":{"title":"C\u00e9line M\u00e4der, neue Agenturleiterin - Medicalis","robots":{"index":"index","follow":"follow","max-snippet":"max-snippet:-1","max-image-preview":"max-image-preview:large","max-video-preview":"max-video-preview:-1"},"canonical":"https:\/\/www.medicalis.ch\/de\/celine-maeder-neue-agenturleiterin\/","og_locale":"de_DE","og_type":"article","og_title":"C\u00e9line M\u00e4der, neue Agenturleiterin - Medicalis","og_description":"C\u00e9line M\u00e4der tritt der Medicalis SA als Niederlassungsleiterin in der Niederlassung Neuch\u00e2tel bei. Sie folgt auf Delphine Houg, die sich einer neuen Herausforderung und einem neuen Projekt in der Pflege in Neuch\u00e2tel zugewandt hat. Auch ihr gratulieren wir herzlich und w\u00fcnschen viel Erfolg. C\u00e9line M\u00e4der, Schweizerin und wohnhaft in La Chaux-de-Fonds, verf\u00fcgt \u00fcber ausgewiesene Erfahrung [...]Weiterlesen... from C\u00e9line M\u00e4der, neue Agenturleiterin","og_url":"https:\/\/www.medicalis.ch\/de\/celine-maeder-neue-agenturleiterin\/","og_site_name":"Medicalis","article_publisher":"https:\/\/www.facebook.com\/Medicalis-1737325559702106\/","article_published_time":"2022-11-04T10:23:57+00:00","article_modified_time":"2023-02-28T12:46:39+00:00","og_image":[{"width":768,"height":403,"url":"https:\/\/www.medicalis.ch\/wp-content\/uploads\/2022\/11\/Celine-Maeder-1200x630-1.jpg","type":"image\/jpeg"}],"author":"Marketing","twitter_card":"summary_large_image","twitter_misc":{"Verfasst von":"Marketing","Gesch\u00e4tzte Lesezeit":"2\u00a0Minuten"},"schema":{"@context":"https:\/\/schema.org","@graph":[{"@type":"Article","@id":"https:\/\/www.medicalis.ch\/de\/celine-maeder-neue-agenturleiterin\/#article","isPartOf":{"@id":"https:\/\/www.medicalis.ch\/de\/celine-maeder-neue-agenturleiterin\/"},"author":{"name":"Marketing","@id":"https:\/\/www.medicalis.ch\/de\/#\/schema\/person\/ad628b7940e64ad904db3a178a4b8afe"},"headline":"C\u00e9line M\u00e4der, neue Agenturleiterin","datePublished":"2022-11-04T10:23:57+00:00","dateModified":"2023-02-28T12:46:39+00:00","mainEntityOfPage":{"@id":"https:\/\/www.medicalis.ch\/de\/celine-maeder-neue-agenturleiterin\/"},"wordCount":301,"commentCount":0,"publisher":{"@id":"https:\/\/www.medicalis.ch\/de\/#organization"},"image":{"@id":"https:\/\/www.medicalis.ch\/de\/celine-maeder-neue-agenturleiterin\/#primaryimage"},"thumbnailUrl":"https:\/\/www.medicalis.ch\/wp-content\/uploads\/2022\/11\/Celine-Maeder-1200x630-1.jpg","articleSection":["Aktuelles"],"inLanguage":"de","potentialAction":[{"@type":"CommentAction","name":"Comment","target":["https:\/\/www.medicalis.ch\/de\/celine-maeder-neue-agenturleiterin\/#respond"]}]},{"@type":"WebPage","@id":"https:\/\/www.medicalis.ch\/de\/celine-maeder-neue-agenturleiterin\/","url":"https:\/\/www.medicalis.ch\/de\/celine-maeder-neue-agenturleiterin\/","name":"C\u00e9line M\u00e4der, neue Agenturleiterin - Medicalis","isPartOf":{"@id":"https:\/\/www.medicalis.ch\/de\/#website"},"primaryImageOfPage":{"@id":"https:\/\/www.medicalis.ch\/de\/celine-maeder-neue-agenturleiterin\/#primaryimage"},"image":{"@id":"https:\/\/www.medicalis.ch\/de\/celine-maeder-neue-agenturleiterin\/#primaryimage"},"thumbnailUrl":"https:\/\/www.medicalis.ch\/wp-content\/uploads\/2022\/11\/Celine-Maeder-1200x630-1.jpg","datePublished":"2022-11-04T10:23:57+00:00","dateModified":"2023-02-28T12:46:39+00:00","breadcrumb":{"@id":"https:\/\/www.medicalis.ch\/de\/celine-maeder-neue-agenturleiterin\/#breadcrumb"},"inLanguage":"de","potentialAction":[{"@type":"ReadAction","target":["https:\/\/www.medicalis.ch\/de\/celine-maeder-neue-agenturleiterin\/"]}]},{"@type":"ImageObject","inLanguage":"de","@id":"https:\/\/www.medicalis.ch\/de\/celine-maeder-neue-agenturleiterin\/#primaryimage","url":"https:\/\/www.medicalis.ch\/wp-content\/uploads\/2022\/11\/Celine-Maeder-1200x630-1.jpg","contentUrl":"https:\/\/www.medicalis.ch\/wp-content\/uploads\/2022\/11\/Celine-Maeder-1200x630-1.jpg","width":768,"height":403},{"@type":"BreadcrumbList","@id":"https:\/\/www.medicalis.ch\/de\/celine-maeder-neue-agenturleiterin\/#breadcrumb","itemListElement":[{"@type":"ListItem","position":1,"name":"Accueil","item":"https:\/\/www.medicalis.ch\/de\/"},{"@type":"ListItem","position":2,"name":"C\u00e9line M\u00e4der, neue Agenturleiterin"}]},{"@type":"WebSite","@id":"https:\/\/www.medicalis.ch\/de\/#website","url":"https:\/\/www.medicalis.ch\/de\/","name":"Medicalis","description":"","publisher":{"@id":"https:\/\/www.medicalis.ch\/de\/#organization"},"potentialAction":[{"@type":"SearchAction","target":{"@type":"EntryPoint","urlTemplate":"https:\/\/www.medicalis.ch\/de\/?s={search_term_string}"},"query-input":{"@type":"PropertyValueSpecification","valueRequired":true,"valueName":"search_term_string"}}],"inLanguage":"de"},{"@type":"Organization","@id":"https:\/\/www.medicalis.ch\/de\/#organization","name":"Medicalis","url":"https:\/\/www.medicalis.ch\/de\/","logo":{"@type":"ImageObject","inLanguage":"de","@id":"https:\/\/www.medicalis.ch\/de\/#\/schema\/logo\/image\/","url":"https:\/\/www.medicalis.ch\/wp-content\/uploads\/2022\/12\/Medicalis_logotype_RVB_217x68.png","contentUrl":"https:\/\/www.medicalis.ch\/wp-content\/uploads\/2022\/12\/Medicalis_logotype_RVB_217x68.png","width":217,"height":68,"caption":"Medicalis"},"image":{"@id":"https:\/\/www.medicalis.ch\/de\/#\/schema\/logo\/image\/"},"sameAs":["https:\/\/www.facebook.com\/Medicalis-1737325559702106\/","https:\/\/www.linkedin.com\/company\/19057976\/"]},{"@type":"Person","@id":"https:\/\/www.medicalis.ch\/de\/#\/schema\/person\/ad628b7940e64ad904db3a178a4b8afe","name":"Marketing","image":{"@type":"ImageObject","inLanguage":"de","@id":"https:\/\/www.medicalis.ch\/de\/#\/schema\/person\/image\/","url":"https:\/\/secure.gravatar.com\/avatar\/f195d15fff822d4a270e0b5fb1a9e8c2747b615b4a99b3fcec5f6fcaf8b72d03?s=96&d=mm&r=g","contentUrl":"https:\/\/secure.gravatar.com\/avatar\/f195d15fff822d4a270e0b5fb1a9e8c2747b615b4a99b3fcec5f6fcaf8b72d03?s=96&d=mm&r=g","caption":"Marketing"},"url":"https:\/\/www.medicalis.ch\/de\/author\/teammarketing\/"}]}},"_links":{"self":[{"href":"https:\/\/www.medicalis.ch\/de\/wp-json\/wp\/v2\/posts\/1259569","targetHints":{"allow":["GET"]}}],"collection":[{"href":"https:\/\/www.medicalis.ch\/de\/wp-json\/wp\/v2\/posts"}],"about":[{"href":"https:\/\/www.medicalis.ch\/de\/wp-json\/wp\/v2\/types\/post"}],"author":[{"embeddable":true,"href":"https:\/\/www.medicalis.ch\/de\/wp-json\/wp\/v2\/users\/13"}],"replies":[{"embeddable":true,"href":"https:\/\/www.medicalis.ch\/de\/wp-json\/wp\/v2\/comments?post=1259569"}],"version-history":[{"count":2,"href":"https:\/\/www.medicalis.ch\/de\/wp-json\/wp\/v2\/posts\/1259569\/revisions"}],"predecessor-version":[{"id":1260504,"href":"https:\/\/www.medicalis.ch\/de\/wp-json\/wp\/v2\/posts\/1259569\/revisions\/1260504"}],"wp:featuredmedia":[{"embeddable":true,"href":"https:\/\/www.medicalis.ch\/de\/wp-json\/wp\/v2\/media\/1259573"}],"wp:attachment":[{"href":"https:\/\/www.medicalis.ch\/de\/wp-json\/wp\/v2\/media?parent=1259569"}],"wp:term":[{"taxonomy":"category","embeddable":true,"href":"https:\/\/www.medicalis.ch\/de\/wp-json\/wp\/v2\/categories?post=1259569"},{"taxonomy":"post_tag","embeddable":true,"href":"https:\/\/www.medicalis.ch\/de\/wp-json\/wp\/v2\/tags?post=1259569"}],"curies":[{"name":"wp","href":"https:\/\/api.w.org\/{rel}","templated":true}]}}