{"id":1267309,"date":"2021-06-04T10:02:50","date_gmt":"2021-06-04T08:02:50","guid":{"rendered":"https:\/\/www.medicalis.ch\/?p=1267309"},"modified":"2023-02-28T12:21:21","modified_gmt":"2023-02-28T11:21:21","slug":"medicalis-erweitert-sein-weiterbildungsangebot","status":"publish","type":"post","link":"https:\/\/www.medicalis.ch\/de\/medicalis-erweitert-sein-weiterbildungsangebot\/","title":{"rendered":"Medicalis erweitert sein Weiterbildungsangebot"},"content":{"rendered":"\n<p><em>David Paulou, Direktor des auf den Gesundheitsbereich spezialisierten Fachunternehmens, intensiviert seine Zusammenarbeit mit Hotelis Training &amp; Development in Morges (Waadt). Zu den f\u00fcnf im vergangenen Herbst eingef\u00fchrten Weiterbildungsangeboten kamen in diesem Jahr rund 15 weitere hinzu, die sich von Beginn an einer hohen Nachfrage erfreuten. Mit diesem erweiterten Programm f\u00f6rdert das Unternehmen die Ausbildung von Tempor\u00e4rmitarbeitenden und bietet Arbeitgebern gleichzeitig eine p\u00e4dagogische Begleitung ohne zus\u00e4tzliche Kosten.<\/em><\/p>\n\n\n\n<p>Herz und Empathie, Kompetenz, Stil, Inspiration und Pr\u00e4senz: Diese f\u00fcnf Merkmale von Exzellenz m\u00f6chte Medicalis im Rahmen seines Weiterbildungsprogramms f\u00fcr Gesundheitsberufe f\u00f6rdern. Entstanden aus der Zusammenarbeit mit dem eduQua-zertifizierten Ausbildungszentrum \u00ab Hotelis Training &amp; Development \u00bb und seinem Direktor Sylv\u00e8re M\u00e9rillat Anfang 2020, gewann die Initiative im September vergangenen Jahres mit der Einf\u00fchrung der ersten f\u00fcnf Kurse an Fahrt. \u00ab Eigentlich hatten wir mehr Module geplant, aber aufgrund der Pandemie waren wir gezwungen, unser Programm zu \u00fcberarbeiten. Wir haben diese Zeit genutzt, um unsere R\u00e4umlichkeiten mit modernster Technologie auszustatten. So k\u00f6nnen die Kurse unter optimalen Bedingungen im Fernunterricht stattfinden, denn dank mehrerer Kameras sind die Schulungsleiter weniger in ihrer Bewegungsfreiheit eingeschr\u00e4nkt \u00bb, so David Paulou, Direktor von Medicalis.<\/p>\n\n\n\n<p><strong>Von klinischen Fachkenntnissen bis hin zur Gesundheit von Pflegekr\u00e4ften<\/strong><\/p>\n\n\n\n<p>Aufbauend auf den ersten f\u00fcnf Kursen, die sich bereits grosser Beliebtheit erfreuten, hat Medicalis gemeinsam mit Sylv\u00e8re M\u00e9rillat, der f\u00fcr den p\u00e4dagogischen Teil zust\u00e4ndig ist, f\u00fcnfzehn weitere Schulungsangebote entwickelt. Alle Kurspl\u00e4ne sind in der Brosch\u00fcre <em>Formations soignants 2021<\/em> (Weiterbildung f\u00fcr Pflegekr\u00e4fte 2021) aufgef\u00fchrt und decken sechs verschiedene Kategorien ab. Im Mittelpunkt der ersten Kategorie stehen klinische Fachkenntnisse: Sie konzentriert sich unter anderem auf Themen wie die Schmerzbehandlung, die Sturzpr\u00e4vention bei \u00e4lteren Menschen und die Wundheilung. \u00ab Die zweite Kategorie betrifft die Risikopr\u00e4vention, insbesondere im Hinblick auf klinische \u00dcberlegungen und die zielorientierte Patienten\u00fcbergabe. Ebenso stehen die Vorbeugung von Vernachl\u00e4ssigung \u00e4lterer Menschen und die F\u00f6rderung der respektvollen Behandlung auf dem Programm \u00bb, erl\u00e4utert David Paulou.<\/p>\n\n\n\n<p>Der Bereich Kommunikation und Dialog hingegen befasst sich nicht nur mit der Interaktion zwischen Pflegekr\u00e4ften, sondern deckt auch Themen wie den Umgang mit Aggressivit\u00e4t bei Patienten und Angeh\u00f6rigen sowie Gespr\u00e4chshypnose und therapeutische Kommunikation ab. Aber was ist mit der Gesundheit und dem Wohlbefinden der Pflegekr\u00e4fte selbst? Sie sind Gegenstand einer eigenen Kategorie. Hier sollen den Teilnehmern konkrete Werkzeuge an die Hand gegeben werden, um bei Nacht- oder Schichtarbeit auf das eigene Wohlbefinden zu achten. Sie sollen sich zudem selbst besser kennenlernen, um so ihre t\u00e4gliche Arbeit besser zu gestalten. \u00ab Und schliesslich wollten wir auch eine Kategorie schaffen, die sich auf die Betreuung von Menschen mit Behinderungen konzentriert, sei es k\u00f6rperliche oder geistige, und eine weitere Kategorie, die sich der Notaufnahme widmet. \u00bb<\/p>\n\n\n\n<p>F\u00fcr den Direktor von Medicalis ist die seit Anfang des Jahres verzeichnete hohe Nachfrage nach diesen Schulungen ein Beweis f\u00fcr ihre Relevanz. \u00ab Sie erf\u00fcllen eindeutig einen Bedarf, insbesondere bei den Tempor\u00e4rmitarbeitenden, die bereits seit mehreren Monaten wenn nicht sogar Jahren mit uns zusammenarbeiten. Endlich k\u00f6nnen wir diesen eine Weiterbildung anbieten, die in direktem Zusammenhang mit ihrer beruflichen T\u00e4tigkeit steht \u00bb, so David Paulou weiter. Er erinnert auch daran, dass die Mitarbeitenden nach einer bestimmten Anzahl an Eins\u00e4tzen das Schulungsangebot gem\u00e4ss der Bestimmungen des GAV Personalverleih umsonst in Anspruch nehmen k\u00f6nnen.<\/p>\n\n\n\n<p><strong>Vorteile auch f\u00fcr Arbeitgeber<\/strong><\/p>\n\n\n\n<p>Nicht nur tempor\u00e4re Mitarbeitende ziehen Nutzen aus diesem gezielten Weiterbildungsprogramm. \u00ab Arbeitgeber k\u00f6nnen davon doppelt profitieren: Zum einen haben sie die Gewissheit, dass das von Medicalis vermittelte Personal Zugang zu Weiterbildungsmassnahmen hat und so seine fachlichen Kenntnisse erweitert. Andererseits m\u00fcssen sie f\u00fcr alle von uns angebotenen Kurse nicht einen Franken zahlen. Das gilt auch f\u00fcr von uns vermittelte Tempor\u00e4rmitarbeitende, denen sie eine Festanstellung anbieten m\u00f6chten, denn diese haben weitere zw\u00f6lf Monate lang Zugang zu unseren Schulungen. \u00bb Neben diesen finanziellen Vorteilen haben Unternehmen zudem die M\u00f6glichkeit, gemeinsam mit Medicalis und Hotelis Training &amp; Development ein individuelles Weiterbildungskonzept zu erstellen.<\/p>\n\n\n\n<p>Aufgrund der Pandemie ist das Angebot sowohl als Pr\u00e4senzunterricht als auch in Form von Fernunterricht \u00fcber die Digital Learning Academy verf\u00fcgbar. \u00ab Beide Formate haben ihre Vorteile: Der Pr\u00e4senzunterricht erlaubt pers\u00f6nlichen Austausch und praktische Erfahrung, w\u00e4hrend der Fernunterricht eine wirksame \u00dcberwachung, reduzierte Kosten und einen erweiterten Zugang anbietet. Dank der von uns in den vergangenen Monaten implementierten Technologieplattform k\u00f6nnen wir unabh\u00e4ngig von der gew\u00e4hlten Option die umfassende Qualit\u00e4t unseres Angebots gew\u00e4hrleisten. Das sind hervorragende Nachrichten f\u00fcr alle Angeh\u00f6rigen der Gesundheitsberufe, die sich weiterbilden m\u00f6chten. Dazu stellen wir ihnen \u00fcbrigens auch einen kostenlosen Shuttleservice zwischen Genf und Morges zur Verf\u00fcgung. \u00bb<\/p>\n","protected":false},"excerpt":{"rendered":"<p>David Paulou, Direktor des auf den Gesundheitsbereich spezialisierten Fachunternehmens, intensiviert seine Zusammenarbeit mit Hotelis Training &amp; Development in Morges (Waadt). Zu den f\u00fcnf im vergangenen Herbst eingef\u00fchrten Weiterbildungsangeboten kamen in diesem Jahr rund 15 weitere hinzu, die sich von Beginn an einer hohen Nachfrage erfreuten. Mit diesem erweiterten Programm f\u00f6rdert das Unternehmen die Ausbildung von [&#8230;]<\/p>\n<p><a class=\"btn btn-secondary understrap-read-more-link\" href=\"https:\/\/www.medicalis.ch\/de\/medicalis-erweitert-sein-weiterbildungsangebot\/\">Weiterlesen&#8230;<span class=\"screen-reader-text\"> from Medicalis erweitert sein Weiterbildungsangebot<\/span><\/a><\/p>\n","protected":false},"author":3,"featured_media":1242466,"comment_status":"closed","ping_status":"open","sticky":false,"template":"","format":"standard","meta":{"_monsterinsights_skip_tracking":false,"_monsterinsights_sitenote_active":false,"_monsterinsights_sitenote_note":"","_monsterinsights_sitenote_category":0,"footnotes":""},"categories":[68],"tags":[],"class_list":["post-1267309","post","type-post","status-publish","format-standard","has-post-thumbnail","hentry","category-news-de"],"yoast_head":"<!-- This site is optimized with the Yoast SEO plugin v26.9 - https:\/\/yoast.com\/product\/yoast-seo-wordpress\/ -->\n<title>Medicalis erweitert sein Weiterbildungsangebot - Medicalis<\/title>\n<meta name=\"robots\" content=\"index, follow, max-snippet:-1, max-image-preview:large, max-video-preview:-1\" \/>\n<link rel=\"canonical\" href=\"https:\/\/www.medicalis.ch\/de\/medicalis-erweitert-sein-weiterbildungsangebot\/\" \/>\n<meta property=\"og:locale\" content=\"de_DE\" \/>\n<meta property=\"og:type\" content=\"article\" \/>\n<meta property=\"og:title\" content=\"Medicalis erweitert sein Weiterbildungsangebot - Medicalis\" \/>\n<meta property=\"og:description\" content=\"David Paulou, Direktor des auf den Gesundheitsbereich spezialisierten Fachunternehmens, intensiviert seine Zusammenarbeit mit Hotelis Training &amp; Development in Morges (Waadt). Zu den f\u00fcnf im vergangenen Herbst eingef\u00fchrten Weiterbildungsangeboten kamen in diesem Jahr rund 15 weitere hinzu, die sich von Beginn an einer hohen Nachfrage erfreuten. Mit diesem erweiterten Programm f\u00f6rdert das Unternehmen die Ausbildung von [...]Weiterlesen... from Medicalis erweitert sein Weiterbildungsangebot\" \/>\n<meta property=\"og:url\" content=\"https:\/\/www.medicalis.ch\/de\/medicalis-erweitert-sein-weiterbildungsangebot\/\" \/>\n<meta property=\"og:site_name\" content=\"Medicalis\" \/>\n<meta property=\"article:publisher\" content=\"https:\/\/www.facebook.com\/Medicalis-1737325559702106\/\" \/>\n<meta property=\"article:published_time\" content=\"2021-06-04T08:02:50+00:00\" \/>\n<meta property=\"article:modified_time\" content=\"2023-02-28T11:21:21+00:00\" \/>\n<meta property=\"og:image\" content=\"https:\/\/www.medicalis.ch\/wp-content\/uploads\/2021\/06\/David-Paulou-2-1.jpg\" \/>\n\t<meta property=\"og:image:width\" content=\"1024\" \/>\n\t<meta property=\"og:image:height\" content=\"683\" \/>\n\t<meta property=\"og:image:type\" content=\"image\/jpeg\" \/>\n<meta name=\"author\" content=\"mabbet\" \/>\n<meta name=\"twitter:card\" content=\"summary_large_image\" \/>\n<meta name=\"twitter:label1\" content=\"Verfasst von\" \/>\n\t<meta name=\"twitter:data1\" content=\"mabbet\" \/>\n\t<meta name=\"twitter:label2\" content=\"Gesch\u00e4tzte Lesezeit\" \/>\n\t<meta name=\"twitter:data2\" content=\"4\u00a0Minuten\" \/>\n<script type=\"application\/ld+json\" class=\"yoast-schema-graph\">{\"@context\":\"https:\/\/schema.org\",\"@graph\":[{\"@type\":\"Article\",\"@id\":\"https:\/\/www.medicalis.ch\/de\/medicalis-erweitert-sein-weiterbildungsangebot\/#article\",\"isPartOf\":{\"@id\":\"https:\/\/www.medicalis.ch\/de\/medicalis-erweitert-sein-weiterbildungsangebot\/\"},\"author\":{\"name\":\"mabbet\",\"@id\":\"https:\/\/www.medicalis.ch\/de\/#\/schema\/person\/6d4536c0fadd9a53bb7844aa8bc173de\"},\"headline\":\"Medicalis erweitert sein Weiterbildungsangebot\",\"datePublished\":\"2021-06-04T08:02:50+00:00\",\"dateModified\":\"2023-02-28T11:21:21+00:00\",\"mainEntityOfPage\":{\"@id\":\"https:\/\/www.medicalis.ch\/de\/medicalis-erweitert-sein-weiterbildungsangebot\/\"},\"wordCount\":786,\"publisher\":{\"@id\":\"https:\/\/www.medicalis.ch\/de\/#organization\"},\"image\":{\"@id\":\"https:\/\/www.medicalis.ch\/de\/medicalis-erweitert-sein-weiterbildungsangebot\/#primaryimage\"},\"thumbnailUrl\":\"https:\/\/www.medicalis.ch\/wp-content\/uploads\/2021\/06\/David-Paulou-2-1.jpg\",\"articleSection\":[\"Aktuelles\"],\"inLanguage\":\"de\"},{\"@type\":\"WebPage\",\"@id\":\"https:\/\/www.medicalis.ch\/de\/medicalis-erweitert-sein-weiterbildungsangebot\/\",\"url\":\"https:\/\/www.medicalis.ch\/de\/medicalis-erweitert-sein-weiterbildungsangebot\/\",\"name\":\"Medicalis erweitert sein Weiterbildungsangebot - Medicalis\",\"isPartOf\":{\"@id\":\"https:\/\/www.medicalis.ch\/de\/#website\"},\"primaryImageOfPage\":{\"@id\":\"https:\/\/www.medicalis.ch\/de\/medicalis-erweitert-sein-weiterbildungsangebot\/#primaryimage\"},\"image\":{\"@id\":\"https:\/\/www.medicalis.ch\/de\/medicalis-erweitert-sein-weiterbildungsangebot\/#primaryimage\"},\"thumbnailUrl\":\"https:\/\/www.medicalis.ch\/wp-content\/uploads\/2021\/06\/David-Paulou-2-1.jpg\",\"datePublished\":\"2021-06-04T08:02:50+00:00\",\"dateModified\":\"2023-02-28T11:21:21+00:00\",\"breadcrumb\":{\"@id\":\"https:\/\/www.medicalis.ch\/de\/medicalis-erweitert-sein-weiterbildungsangebot\/#breadcrumb\"},\"inLanguage\":\"de\",\"potentialAction\":[{\"@type\":\"ReadAction\",\"target\":[\"https:\/\/www.medicalis.ch\/de\/medicalis-erweitert-sein-weiterbildungsangebot\/\"]}]},{\"@type\":\"ImageObject\",\"inLanguage\":\"de\",\"@id\":\"https:\/\/www.medicalis.ch\/de\/medicalis-erweitert-sein-weiterbildungsangebot\/#primaryimage\",\"url\":\"https:\/\/www.medicalis.ch\/wp-content\/uploads\/2021\/06\/David-Paulou-2-1.jpg\",\"contentUrl\":\"https:\/\/www.medicalis.ch\/wp-content\/uploads\/2021\/06\/David-Paulou-2-1.jpg\",\"width\":1024,\"height\":683},{\"@type\":\"BreadcrumbList\",\"@id\":\"https:\/\/www.medicalis.ch\/de\/medicalis-erweitert-sein-weiterbildungsangebot\/#breadcrumb\",\"itemListElement\":[{\"@type\":\"ListItem\",\"position\":1,\"name\":\"Accueil\",\"item\":\"https:\/\/www.medicalis.ch\/de\/\"},{\"@type\":\"ListItem\",\"position\":2,\"name\":\"Medicalis erweitert sein Weiterbildungsangebot\"}]},{\"@type\":\"WebSite\",\"@id\":\"https:\/\/www.medicalis.ch\/de\/#website\",\"url\":\"https:\/\/www.medicalis.ch\/de\/\",\"name\":\"Medicalis\",\"description\":\"\",\"publisher\":{\"@id\":\"https:\/\/www.medicalis.ch\/de\/#organization\"},\"potentialAction\":[{\"@type\":\"SearchAction\",\"target\":{\"@type\":\"EntryPoint\",\"urlTemplate\":\"https:\/\/www.medicalis.ch\/de\/?s={search_term_string}\"},\"query-input\":{\"@type\":\"PropertyValueSpecification\",\"valueRequired\":true,\"valueName\":\"search_term_string\"}}],\"inLanguage\":\"de\"},{\"@type\":\"Organization\",\"@id\":\"https:\/\/www.medicalis.ch\/de\/#organization\",\"name\":\"Medicalis\",\"url\":\"https:\/\/www.medicalis.ch\/de\/\",\"logo\":{\"@type\":\"ImageObject\",\"inLanguage\":\"de\",\"@id\":\"https:\/\/www.medicalis.ch\/de\/#\/schema\/logo\/image\/\",\"url\":\"https:\/\/www.medicalis.ch\/wp-content\/uploads\/2022\/12\/Medicalis_logotype_RVB_217x68.png\",\"contentUrl\":\"https:\/\/www.medicalis.ch\/wp-content\/uploads\/2022\/12\/Medicalis_logotype_RVB_217x68.png\",\"width\":217,\"height\":68,\"caption\":\"Medicalis\"},\"image\":{\"@id\":\"https:\/\/www.medicalis.ch\/de\/#\/schema\/logo\/image\/\"},\"sameAs\":[\"https:\/\/www.facebook.com\/Medicalis-1737325559702106\/\",\"https:\/\/www.linkedin.com\/company\/19057976\/\"]},{\"@type\":\"Person\",\"@id\":\"https:\/\/www.medicalis.ch\/de\/#\/schema\/person\/6d4536c0fadd9a53bb7844aa8bc173de\",\"name\":\"mabbet\",\"image\":{\"@type\":\"ImageObject\",\"inLanguage\":\"de\",\"@id\":\"https:\/\/www.medicalis.ch\/de\/#\/schema\/person\/image\/\",\"url\":\"https:\/\/secure.gravatar.com\/avatar\/c9b8558dd936c0aabcc45d180fce99dccde96ff74ab27f8bbd6345c035cac21d?s=96&d=mm&r=g\",\"contentUrl\":\"https:\/\/secure.gravatar.com\/avatar\/c9b8558dd936c0aabcc45d180fce99dccde96ff74ab27f8bbd6345c035cac21d?s=96&d=mm&r=g\",\"caption\":\"mabbet\"},\"url\":\"https:\/\/www.medicalis.ch\/de\/author\/mabbet\/\"}]}<\/script>\n<!-- \/ Yoast SEO plugin. -->","yoast_head_json":{"title":"Medicalis erweitert sein Weiterbildungsangebot - Medicalis","robots":{"index":"index","follow":"follow","max-snippet":"max-snippet:-1","max-image-preview":"max-image-preview:large","max-video-preview":"max-video-preview:-1"},"canonical":"https:\/\/www.medicalis.ch\/de\/medicalis-erweitert-sein-weiterbildungsangebot\/","og_locale":"de_DE","og_type":"article","og_title":"Medicalis erweitert sein Weiterbildungsangebot - Medicalis","og_description":"David Paulou, Direktor des auf den Gesundheitsbereich spezialisierten Fachunternehmens, intensiviert seine Zusammenarbeit mit Hotelis Training &amp; Development in Morges (Waadt). Zu den f\u00fcnf im vergangenen Herbst eingef\u00fchrten Weiterbildungsangeboten kamen in diesem Jahr rund 15 weitere hinzu, die sich von Beginn an einer hohen Nachfrage erfreuten. Mit diesem erweiterten Programm f\u00f6rdert das Unternehmen die Ausbildung von [...]Weiterlesen... from Medicalis erweitert sein Weiterbildungsangebot","og_url":"https:\/\/www.medicalis.ch\/de\/medicalis-erweitert-sein-weiterbildungsangebot\/","og_site_name":"Medicalis","article_publisher":"https:\/\/www.facebook.com\/Medicalis-1737325559702106\/","article_published_time":"2021-06-04T08:02:50+00:00","article_modified_time":"2023-02-28T11:21:21+00:00","og_image":[{"width":1024,"height":683,"url":"https:\/\/www.medicalis.ch\/wp-content\/uploads\/2021\/06\/David-Paulou-2-1.jpg","type":"image\/jpeg"}],"author":"mabbet","twitter_card":"summary_large_image","twitter_misc":{"Verfasst von":"mabbet","Gesch\u00e4tzte Lesezeit":"4\u00a0Minuten"},"schema":{"@context":"https:\/\/schema.org","@graph":[{"@type":"Article","@id":"https:\/\/www.medicalis.ch\/de\/medicalis-erweitert-sein-weiterbildungsangebot\/#article","isPartOf":{"@id":"https:\/\/www.medicalis.ch\/de\/medicalis-erweitert-sein-weiterbildungsangebot\/"},"author":{"name":"mabbet","@id":"https:\/\/www.medicalis.ch\/de\/#\/schema\/person\/6d4536c0fadd9a53bb7844aa8bc173de"},"headline":"Medicalis erweitert sein Weiterbildungsangebot","datePublished":"2021-06-04T08:02:50+00:00","dateModified":"2023-02-28T11:21:21+00:00","mainEntityOfPage":{"@id":"https:\/\/www.medicalis.ch\/de\/medicalis-erweitert-sein-weiterbildungsangebot\/"},"wordCount":786,"publisher":{"@id":"https:\/\/www.medicalis.ch\/de\/#organization"},"image":{"@id":"https:\/\/www.medicalis.ch\/de\/medicalis-erweitert-sein-weiterbildungsangebot\/#primaryimage"},"thumbnailUrl":"https:\/\/www.medicalis.ch\/wp-content\/uploads\/2021\/06\/David-Paulou-2-1.jpg","articleSection":["Aktuelles"],"inLanguage":"de"},{"@type":"WebPage","@id":"https:\/\/www.medicalis.ch\/de\/medicalis-erweitert-sein-weiterbildungsangebot\/","url":"https:\/\/www.medicalis.ch\/de\/medicalis-erweitert-sein-weiterbildungsangebot\/","name":"Medicalis erweitert sein Weiterbildungsangebot - Medicalis","isPartOf":{"@id":"https:\/\/www.medicalis.ch\/de\/#website"},"primaryImageOfPage":{"@id":"https:\/\/www.medicalis.ch\/de\/medicalis-erweitert-sein-weiterbildungsangebot\/#primaryimage"},"image":{"@id":"https:\/\/www.medicalis.ch\/de\/medicalis-erweitert-sein-weiterbildungsangebot\/#primaryimage"},"thumbnailUrl":"https:\/\/www.medicalis.ch\/wp-content\/uploads\/2021\/06\/David-Paulou-2-1.jpg","datePublished":"2021-06-04T08:02:50+00:00","dateModified":"2023-02-28T11:21:21+00:00","breadcrumb":{"@id":"https:\/\/www.medicalis.ch\/de\/medicalis-erweitert-sein-weiterbildungsangebot\/#breadcrumb"},"inLanguage":"de","potentialAction":[{"@type":"ReadAction","target":["https:\/\/www.medicalis.ch\/de\/medicalis-erweitert-sein-weiterbildungsangebot\/"]}]},{"@type":"ImageObject","inLanguage":"de","@id":"https:\/\/www.medicalis.ch\/de\/medicalis-erweitert-sein-weiterbildungsangebot\/#primaryimage","url":"https:\/\/www.medicalis.ch\/wp-content\/uploads\/2021\/06\/David-Paulou-2-1.jpg","contentUrl":"https:\/\/www.medicalis.ch\/wp-content\/uploads\/2021\/06\/David-Paulou-2-1.jpg","width":1024,"height":683},{"@type":"BreadcrumbList","@id":"https:\/\/www.medicalis.ch\/de\/medicalis-erweitert-sein-weiterbildungsangebot\/#breadcrumb","itemListElement":[{"@type":"ListItem","position":1,"name":"Accueil","item":"https:\/\/www.medicalis.ch\/de\/"},{"@type":"ListItem","position":2,"name":"Medicalis erweitert sein Weiterbildungsangebot"}]},{"@type":"WebSite","@id":"https:\/\/www.medicalis.ch\/de\/#website","url":"https:\/\/www.medicalis.ch\/de\/","name":"Medicalis","description":"","publisher":{"@id":"https:\/\/www.medicalis.ch\/de\/#organization"},"potentialAction":[{"@type":"SearchAction","target":{"@type":"EntryPoint","urlTemplate":"https:\/\/www.medicalis.ch\/de\/?s={search_term_string}"},"query-input":{"@type":"PropertyValueSpecification","valueRequired":true,"valueName":"search_term_string"}}],"inLanguage":"de"},{"@type":"Organization","@id":"https:\/\/www.medicalis.ch\/de\/#organization","name":"Medicalis","url":"https:\/\/www.medicalis.ch\/de\/","logo":{"@type":"ImageObject","inLanguage":"de","@id":"https:\/\/www.medicalis.ch\/de\/#\/schema\/logo\/image\/","url":"https:\/\/www.medicalis.ch\/wp-content\/uploads\/2022\/12\/Medicalis_logotype_RVB_217x68.png","contentUrl":"https:\/\/www.medicalis.ch\/wp-content\/uploads\/2022\/12\/Medicalis_logotype_RVB_217x68.png","width":217,"height":68,"caption":"Medicalis"},"image":{"@id":"https:\/\/www.medicalis.ch\/de\/#\/schema\/logo\/image\/"},"sameAs":["https:\/\/www.facebook.com\/Medicalis-1737325559702106\/","https:\/\/www.linkedin.com\/company\/19057976\/"]},{"@type":"Person","@id":"https:\/\/www.medicalis.ch\/de\/#\/schema\/person\/6d4536c0fadd9a53bb7844aa8bc173de","name":"mabbet","image":{"@type":"ImageObject","inLanguage":"de","@id":"https:\/\/www.medicalis.ch\/de\/#\/schema\/person\/image\/","url":"https:\/\/secure.gravatar.com\/avatar\/c9b8558dd936c0aabcc45d180fce99dccde96ff74ab27f8bbd6345c035cac21d?s=96&d=mm&r=g","contentUrl":"https:\/\/secure.gravatar.com\/avatar\/c9b8558dd936c0aabcc45d180fce99dccde96ff74ab27f8bbd6345c035cac21d?s=96&d=mm&r=g","caption":"mabbet"},"url":"https:\/\/www.medicalis.ch\/de\/author\/mabbet\/"}]}},"_links":{"self":[{"href":"https:\/\/www.medicalis.ch\/de\/wp-json\/wp\/v2\/posts\/1267309","targetHints":{"allow":["GET"]}}],"collection":[{"href":"https:\/\/www.medicalis.ch\/de\/wp-json\/wp\/v2\/posts"}],"about":[{"href":"https:\/\/www.medicalis.ch\/de\/wp-json\/wp\/v2\/types\/post"}],"author":[{"embeddable":true,"href":"https:\/\/www.medicalis.ch\/de\/wp-json\/wp\/v2\/users\/3"}],"replies":[{"embeddable":true,"href":"https:\/\/www.medicalis.ch\/de\/wp-json\/wp\/v2\/comments?post=1267309"}],"version-history":[{"count":1,"href":"https:\/\/www.medicalis.ch\/de\/wp-json\/wp\/v2\/posts\/1267309\/revisions"}],"predecessor-version":[{"id":1267310,"href":"https:\/\/www.medicalis.ch\/de\/wp-json\/wp\/v2\/posts\/1267309\/revisions\/1267310"}],"wp:featuredmedia":[{"embeddable":true,"href":"https:\/\/www.medicalis.ch\/de\/wp-json\/wp\/v2\/media\/1242466"}],"wp:attachment":[{"href":"https:\/\/www.medicalis.ch\/de\/wp-json\/wp\/v2\/media?parent=1267309"}],"wp:term":[{"taxonomy":"category","embeddable":true,"href":"https:\/\/www.medicalis.ch\/de\/wp-json\/wp\/v2\/categories?post=1267309"},{"taxonomy":"post_tag","embeddable":true,"href":"https:\/\/www.medicalis.ch\/de\/wp-json\/wp\/v2\/tags?post=1267309"}],"curies":[{"name":"wp","href":"https:\/\/api.w.org\/{rel}","templated":true}]}}