{"id":1291818,"date":"2025-10-22T11:25:15","date_gmt":"2025-10-22T09:25:15","guid":{"rendered":"https:\/\/www.medicalis.ch\/?p=1291818"},"modified":"2025-10-22T11:25:30","modified_gmt":"2025-10-22T09:25:30","slug":"15-jahre-medicalis-eine-erfolgsgeschichte-mit-menschen-im-mittelpunkt","status":"publish","type":"post","link":"https:\/\/www.medicalis.ch\/de\/15-jahre-medicalis-eine-erfolgsgeschichte-mit-menschen-im-mittelpunkt\/","title":{"rendered":"15 Jahre Medicalis: Eine Erfolgsgeschichte mit Menschen im Mittelpunkt\u00a0"},"content":{"rendered":"\n<p>Vor 15 Jahren \u00f6ffnete in Carouge die erste Medicalis-Filiale ihre T\u00fcren mit einer klaren Vision: Menschen und Gesundheitseinrichtungen auf vertrauensvolle Weise zusammenzubringen. Heute besch\u00e4ftigt Medicalis \u00fcber 70 Mitarbeitende an sechs Standorten in der ganzen Schweiz und geh\u00f6rt zur Interiman Group, dem f\u00fchrenden HR-Dienstleister der Schweiz.&nbsp;&nbsp;<\/p>\n\n\n\n<p>Was damals als kleine Filiale begann, ist heute zu einem nationalen Netzwerk geworden, das medizinische, paramedizinische und soziale Fachkr\u00e4fte mit Spit\u00e4lern, Kliniken und Pflegeeinrichtungen verbindet.&nbsp;&nbsp;<\/p>\n\n\n\n<h5 class=\"wp-block-heading\"><strong>Von der Pflege inspiriert \u2013 f\u00fcr die Pflege engagiert<\/strong>&nbsp;<\/h5>\n\n\n\n<p>Das Herzst\u00fcck von Medicalis sind die Menschen. Viele Mitarbeitende im Unternehmen kommen selbst aus der Pflege und bringen wertvolle Praxiserfahrung mit. Dieses Verst\u00e4ndnis f\u00fcr den Pflegealltag pr\u00e4gt die Art, wie bei Medicalis beraten, begleitet und vermittelt wird. Denn wer die Realit\u00e4t der Pflege kennt, weiss, worauf es wirklich ankommt: Zuh\u00f6ren, Vertrauen schaffen und individuelle L\u00f6sungen finden.&nbsp;<\/p>\n\n\n\n<p>So entstehen enge Beziehungen zu Kandidat:innen und Kund:innen, die auf Respekt und Partnerschaft beruhen. Ob f\u00fcr Festanstellungen, Langzeiteins\u00e4tze, tempor\u00e4re Eins\u00e4tze, den Notfall-Springerpool oder durch unsere Academy, das Ziel ist immer dasselbe: Die richtigen Mitarbeitenden mit den richtigen Einrichtungen zu verbinden, sodass die Patient:innen von einer qualitativ hochwertigen Gesundheitsversorgung profitieren.&nbsp;<\/p>\n\n\n\n<h5 class=\"wp-block-heading\"><strong>N\u00e4he, Vertrauen und Weiterentwicklung<\/strong>&nbsp;<\/h5>\n\n\n\n<p>Mit der Gr\u00fcndung der Medicalis Academy im Jahr 2020 wurde zudem ein wichtiger Schritt in Richtung Ausbildung und Kompetenzf\u00f6rderung gemacht. Die Academy f\u00f6rdert gezielt die berufliche Weiterbildung und st\u00e4rkt die Kompetenzen von Fachpersonen im Gesundheitswesen. Damit tr\u00e4gt Medicalis aktiv zur Qualit\u00e4tssicherung und zur nachhaltigen Entwicklung der Branche bei. Dabei kombinieren wir Online-Angebot mit Pr\u00e4senzunterricht, um Weiterbildung schweizweit zug\u00e4nglich zu machen.&nbsp;<\/p>\n\n\n\n<p>Gleichzeitig steht Medicalis f\u00fcr N\u00e4he \u2013 zu Pflegefachpersonen, zu Kund:innen und zu den eigenen Teams. Diese Haltung pr\u00e4gt den Erfolg der letzten Jahre: stetiges Wachstum, regionale Verankerung und eine Unternehmenskultur, die auf Wertsch\u00e4tzung, Transparenz und Zusammenarbeit baut.&nbsp;<\/p>\n\n\n\n<h5 class=\"wp-block-heading\"><strong>Gemeinsam Verantwortung f\u00fcr die Zukunft \u00fcbernehmen<\/strong>&nbsp;<\/h5>\n\n\n\n<p>Das Gesundheitswesen steht vor grossen Herausforderungen: Fachkr\u00e4ftemangel, steigende Anforderungen und der Wandel der Arbeitswelt. Medicalis begegnet diesen Entwicklungen mit Engagement, Innovationsgeist und Menschlichkeit.&nbsp;&nbsp;<\/p>\n\n\n\n<p>Flexibilit\u00e4t, moderne Arbeitsmodelle, die Erweiterung unseres Angebots durch digitale L\u00f6sungen und partnerschaftliche Zusammenarbeit sind dabei zentrale Bausteine, um die Pflege von morgen zu sichern und die Arbeitswelt aktiv mitzugestalten.&nbsp;<\/p>\n\n\n\n<h5 class=\"wp-block-heading\"><strong>Ausblick: Mit Herz und Weitblick in die Zukunft<\/strong>&nbsp;<\/h5>\n\n\n\n<p>15 Jahre Medicalis: ein Weg gepr\u00e4gt von Engagement, Vertrauen und Fortschritt. Diese Werte begleiten uns seit dem ersten Tag und stehen im Zentrum unseres Handelns. Was als kleine Filiale begann, ist heute ein landesweit anerkanntes Unternehmen mit einer klaren Vision: gemeinsam mit den Pflegefachkr\u00e4ften und Einrichtungen die Zukunft des Schweizer Gesundheitswesens mitzugestalten.&nbsp;<\/p>\n\n\n\n<p>Unser Weg geht weiter: mit Herz, Fachwissen und echter N\u00e4he werden wir Medicalis auch in Zukunft als strategischen Partner im Schweizer Gesundheitswesen weiterentwickeln \u2013 f\u00fcr ein starkes, zukunftsf\u00e4higes und menschliches Gesundheitssystem.&nbsp;<\/p>\n\n\n\n<figure class=\"wp-block-embed is-provider-youtube wp-block-embed-youtube\"><div class=\"wp-block-embed__wrapper\">\n<iframe loading=\"lazy\" title=\"Medicalis c\u00e9l\u00e8bre 15 ans de succ\u00e8s dans le secteur de la sant\u00e9 en suisse\" width=\"640\" height=\"360\" src=\"https:\/\/www.youtube.com\/embed\/UNglyl51ex4?feature=oembed\" frameborder=\"0\" allow=\"accelerometer; autoplay; clipboard-write; encrypted-media; gyroscope; picture-in-picture; web-share\" referrerpolicy=\"strict-origin-when-cross-origin\" allowfullscreen><\/iframe>\n<\/div><\/figure>\n","protected":false},"excerpt":{"rendered":"<p>Vor 15 Jahren \u00f6ffnete in Carouge die erste Medicalis-Filiale ihre T\u00fcren mit einer klaren Vision: Menschen und Gesundheitseinrichtungen auf vertrauensvolle Weise zusammenzubringen. Heute besch\u00e4ftigt Medicalis \u00fcber 70 Mitarbeitende an sechs Standorten in der ganzen Schweiz und geh\u00f6rt zur Interiman Group, dem f\u00fchrenden HR-Dienstleister der Schweiz.&nbsp;&nbsp; Was damals als kleine Filiale begann, ist heute zu einem [&#8230;]<\/p>\n<p><a class=\"btn btn-secondary understrap-read-more-link\" href=\"https:\/\/www.medicalis.ch\/de\/15-jahre-medicalis-eine-erfolgsgeschichte-mit-menschen-im-mittelpunkt\/\">Weiterlesen&#8230;<span class=\"screen-reader-text\"> from 15 Jahre Medicalis: Eine Erfolgsgeschichte mit Menschen im Mittelpunkt\u00a0<\/span><\/a><\/p>\n","protected":false},"author":13,"featured_media":1291822,"comment_status":"closed","ping_status":"closed","sticky":false,"template":"","format":"standard","meta":{"_monsterinsights_skip_tracking":false,"_monsterinsights_sitenote_active":false,"_monsterinsights_sitenote_note":"","_monsterinsights_sitenote_category":0,"footnotes":""},"categories":[68],"tags":[],"class_list":["post-1291818","post","type-post","status-publish","format-standard","has-post-thumbnail","hentry","category-news-de"],"yoast_head":"<!-- This site is optimized with the Yoast SEO plugin v26.9 - https:\/\/yoast.com\/product\/yoast-seo-wordpress\/ -->\n<title>15 Jahre Medicalis: Eine Erfolgsgeschichte mit Menschen im Mittelpunkt\u00a0 - Medicalis<\/title>\n<meta name=\"description\" content=\"Vor 15 Jahren \u00f6ffnete in Carouge die erste Medicalis-Filiale ihre T\u00fcren mit einer klaren Vision: Menschen und Gesundheitseinrichtungen auf vertrauensvolle Weise zusammenzubringen. Heute besch\u00e4ftigt Medicalis \u00fcber 70 Mitarbeitende an sechs Standorten in der ganzen Schweiz und geh\u00f6rt zur Interiman Group, dem f\u00fchrenden HR-Dienstleister der Schweiz.\u00a0\u00a0\" \/>\n<meta name=\"robots\" content=\"index, follow, max-snippet:-1, max-image-preview:large, max-video-preview:-1\" \/>\n<link rel=\"canonical\" href=\"https:\/\/www.medicalis.ch\/de\/15-jahre-medicalis-eine-erfolgsgeschichte-mit-menschen-im-mittelpunkt\/\" \/>\n<meta property=\"og:locale\" content=\"de_DE\" \/>\n<meta property=\"og:type\" content=\"article\" \/>\n<meta property=\"og:title\" content=\"15 Jahre Medicalis: Eine Erfolgsgeschichte mit Menschen im Mittelpunkt\u00a0 - Medicalis\" \/>\n<meta property=\"og:description\" content=\"Vor 15 Jahren \u00f6ffnete in Carouge die erste Medicalis-Filiale ihre T\u00fcren mit einer klaren Vision: Menschen und Gesundheitseinrichtungen auf vertrauensvolle Weise zusammenzubringen. Heute besch\u00e4ftigt Medicalis \u00fcber 70 Mitarbeitende an sechs Standorten in der ganzen Schweiz und geh\u00f6rt zur Interiman Group, dem f\u00fchrenden HR-Dienstleister der Schweiz.\u00a0\u00a0\" \/>\n<meta property=\"og:url\" content=\"https:\/\/www.medicalis.ch\/de\/15-jahre-medicalis-eine-erfolgsgeschichte-mit-menschen-im-mittelpunkt\/\" \/>\n<meta property=\"og:site_name\" content=\"Medicalis\" \/>\n<meta property=\"article:publisher\" content=\"https:\/\/www.facebook.com\/Medicalis-1737325559702106\/\" \/>\n<meta property=\"article:published_time\" content=\"2025-10-22T09:25:15+00:00\" \/>\n<meta property=\"article:modified_time\" content=\"2025-10-22T09:25:30+00:00\" \/>\n<meta property=\"og:image\" content=\"https:\/\/www.medicalis.ch\/wp-content\/uploads\/2025\/10\/15-Ans-15-Jahre-Medicalis-1.png\" \/>\n\t<meta property=\"og:image:width\" content=\"1708\" \/>\n\t<meta property=\"og:image:height\" content=\"960\" \/>\n\t<meta property=\"og:image:type\" content=\"image\/png\" \/>\n<meta name=\"author\" content=\"Marketing\" \/>\n<meta name=\"twitter:card\" content=\"summary_large_image\" \/>\n<meta name=\"twitter:label1\" content=\"Verfasst von\" \/>\n\t<meta name=\"twitter:data1\" content=\"Marketing\" \/>\n\t<meta name=\"twitter:label2\" content=\"Gesch\u00e4tzte Lesezeit\" \/>\n\t<meta name=\"twitter:data2\" content=\"3\u00a0Minuten\" \/>\n<script type=\"application\/ld+json\" class=\"yoast-schema-graph\">{\"@context\":\"https:\/\/schema.org\",\"@graph\":[{\"@type\":\"Article\",\"@id\":\"https:\/\/www.medicalis.ch\/de\/15-jahre-medicalis-eine-erfolgsgeschichte-mit-menschen-im-mittelpunkt\/#article\",\"isPartOf\":{\"@id\":\"https:\/\/www.medicalis.ch\/de\/15-jahre-medicalis-eine-erfolgsgeschichte-mit-menschen-im-mittelpunkt\/\"},\"author\":{\"name\":\"Marketing\",\"@id\":\"https:\/\/www.medicalis.ch\/de\/#\/schema\/person\/ad628b7940e64ad904db3a178a4b8afe\"},\"headline\":\"15 Jahre Medicalis: Eine Erfolgsgeschichte mit Menschen im Mittelpunkt\u00a0\",\"datePublished\":\"2025-10-22T09:25:15+00:00\",\"dateModified\":\"2025-10-22T09:25:30+00:00\",\"mainEntityOfPage\":{\"@id\":\"https:\/\/www.medicalis.ch\/de\/15-jahre-medicalis-eine-erfolgsgeschichte-mit-menschen-im-mittelpunkt\/\"},\"wordCount\":503,\"publisher\":{\"@id\":\"https:\/\/www.medicalis.ch\/de\/#organization\"},\"image\":{\"@id\":\"https:\/\/www.medicalis.ch\/de\/15-jahre-medicalis-eine-erfolgsgeschichte-mit-menschen-im-mittelpunkt\/#primaryimage\"},\"thumbnailUrl\":\"https:\/\/www.medicalis.ch\/wp-content\/uploads\/2025\/10\/15-Ans-15-Jahre-Medicalis-1.png\",\"articleSection\":[\"Aktuelles\"],\"inLanguage\":\"de\"},{\"@type\":\"WebPage\",\"@id\":\"https:\/\/www.medicalis.ch\/de\/15-jahre-medicalis-eine-erfolgsgeschichte-mit-menschen-im-mittelpunkt\/\",\"url\":\"https:\/\/www.medicalis.ch\/de\/15-jahre-medicalis-eine-erfolgsgeschichte-mit-menschen-im-mittelpunkt\/\",\"name\":\"15 Jahre Medicalis: Eine Erfolgsgeschichte mit Menschen im Mittelpunkt\u00a0 - Medicalis\",\"isPartOf\":{\"@id\":\"https:\/\/www.medicalis.ch\/de\/#website\"},\"primaryImageOfPage\":{\"@id\":\"https:\/\/www.medicalis.ch\/de\/15-jahre-medicalis-eine-erfolgsgeschichte-mit-menschen-im-mittelpunkt\/#primaryimage\"},\"image\":{\"@id\":\"https:\/\/www.medicalis.ch\/de\/15-jahre-medicalis-eine-erfolgsgeschichte-mit-menschen-im-mittelpunkt\/#primaryimage\"},\"thumbnailUrl\":\"https:\/\/www.medicalis.ch\/wp-content\/uploads\/2025\/10\/15-Ans-15-Jahre-Medicalis-1.png\",\"datePublished\":\"2025-10-22T09:25:15+00:00\",\"dateModified\":\"2025-10-22T09:25:30+00:00\",\"description\":\"Vor 15 Jahren \u00f6ffnete in Carouge die erste Medicalis-Filiale ihre T\u00fcren mit einer klaren Vision: Menschen und Gesundheitseinrichtungen auf vertrauensvolle Weise zusammenzubringen. Heute besch\u00e4ftigt Medicalis \u00fcber 70 Mitarbeitende an sechs Standorten in der ganzen Schweiz und geh\u00f6rt zur Interiman Group, dem f\u00fchrenden HR-Dienstleister der Schweiz.\u00a0\u00a0\",\"breadcrumb\":{\"@id\":\"https:\/\/www.medicalis.ch\/de\/15-jahre-medicalis-eine-erfolgsgeschichte-mit-menschen-im-mittelpunkt\/#breadcrumb\"},\"inLanguage\":\"de\",\"potentialAction\":[{\"@type\":\"ReadAction\",\"target\":[\"https:\/\/www.medicalis.ch\/de\/15-jahre-medicalis-eine-erfolgsgeschichte-mit-menschen-im-mittelpunkt\/\"]}]},{\"@type\":\"ImageObject\",\"inLanguage\":\"de\",\"@id\":\"https:\/\/www.medicalis.ch\/de\/15-jahre-medicalis-eine-erfolgsgeschichte-mit-menschen-im-mittelpunkt\/#primaryimage\",\"url\":\"https:\/\/www.medicalis.ch\/wp-content\/uploads\/2025\/10\/15-Ans-15-Jahre-Medicalis-1.png\",\"contentUrl\":\"https:\/\/www.medicalis.ch\/wp-content\/uploads\/2025\/10\/15-Ans-15-Jahre-Medicalis-1.png\",\"width\":1708,\"height\":960},{\"@type\":\"BreadcrumbList\",\"@id\":\"https:\/\/www.medicalis.ch\/de\/15-jahre-medicalis-eine-erfolgsgeschichte-mit-menschen-im-mittelpunkt\/#breadcrumb\",\"itemListElement\":[{\"@type\":\"ListItem\",\"position\":1,\"name\":\"Accueil\",\"item\":\"https:\/\/www.medicalis.ch\/de\/\"},{\"@type\":\"ListItem\",\"position\":2,\"name\":\"15 Jahre Medicalis: Eine Erfolgsgeschichte mit Menschen im Mittelpunkt\u00a0\"}]},{\"@type\":\"WebSite\",\"@id\":\"https:\/\/www.medicalis.ch\/de\/#website\",\"url\":\"https:\/\/www.medicalis.ch\/de\/\",\"name\":\"Medicalis\",\"description\":\"\",\"publisher\":{\"@id\":\"https:\/\/www.medicalis.ch\/de\/#organization\"},\"potentialAction\":[{\"@type\":\"SearchAction\",\"target\":{\"@type\":\"EntryPoint\",\"urlTemplate\":\"https:\/\/www.medicalis.ch\/de\/?s={search_term_string}\"},\"query-input\":{\"@type\":\"PropertyValueSpecification\",\"valueRequired\":true,\"valueName\":\"search_term_string\"}}],\"inLanguage\":\"de\"},{\"@type\":\"Organization\",\"@id\":\"https:\/\/www.medicalis.ch\/de\/#organization\",\"name\":\"Medicalis\",\"url\":\"https:\/\/www.medicalis.ch\/de\/\",\"logo\":{\"@type\":\"ImageObject\",\"inLanguage\":\"de\",\"@id\":\"https:\/\/www.medicalis.ch\/de\/#\/schema\/logo\/image\/\",\"url\":\"https:\/\/www.medicalis.ch\/wp-content\/uploads\/2022\/12\/Medicalis_logotype_RVB_217x68.png\",\"contentUrl\":\"https:\/\/www.medicalis.ch\/wp-content\/uploads\/2022\/12\/Medicalis_logotype_RVB_217x68.png\",\"width\":217,\"height\":68,\"caption\":\"Medicalis\"},\"image\":{\"@id\":\"https:\/\/www.medicalis.ch\/de\/#\/schema\/logo\/image\/\"},\"sameAs\":[\"https:\/\/www.facebook.com\/Medicalis-1737325559702106\/\",\"https:\/\/www.linkedin.com\/company\/19057976\/\"]},{\"@type\":\"Person\",\"@id\":\"https:\/\/www.medicalis.ch\/de\/#\/schema\/person\/ad628b7940e64ad904db3a178a4b8afe\",\"name\":\"Marketing\",\"image\":{\"@type\":\"ImageObject\",\"inLanguage\":\"de\",\"@id\":\"https:\/\/www.medicalis.ch\/de\/#\/schema\/person\/image\/\",\"url\":\"https:\/\/secure.gravatar.com\/avatar\/f195d15fff822d4a270e0b5fb1a9e8c2747b615b4a99b3fcec5f6fcaf8b72d03?s=96&d=mm&r=g\",\"contentUrl\":\"https:\/\/secure.gravatar.com\/avatar\/f195d15fff822d4a270e0b5fb1a9e8c2747b615b4a99b3fcec5f6fcaf8b72d03?s=96&d=mm&r=g\",\"caption\":\"Marketing\"},\"url\":\"https:\/\/www.medicalis.ch\/de\/author\/teammarketing\/\"}]}<\/script>\n<!-- \/ Yoast SEO plugin. -->","yoast_head_json":{"title":"15 Jahre Medicalis: Eine Erfolgsgeschichte mit Menschen im Mittelpunkt\u00a0 - Medicalis","description":"Vor 15 Jahren \u00f6ffnete in Carouge die erste Medicalis-Filiale ihre T\u00fcren mit einer klaren Vision: Menschen und Gesundheitseinrichtungen auf vertrauensvolle Weise zusammenzubringen. Heute besch\u00e4ftigt Medicalis \u00fcber 70 Mitarbeitende an sechs Standorten in der ganzen Schweiz und geh\u00f6rt zur Interiman Group, dem f\u00fchrenden HR-Dienstleister der Schweiz.\u00a0\u00a0","robots":{"index":"index","follow":"follow","max-snippet":"max-snippet:-1","max-image-preview":"max-image-preview:large","max-video-preview":"max-video-preview:-1"},"canonical":"https:\/\/www.medicalis.ch\/de\/15-jahre-medicalis-eine-erfolgsgeschichte-mit-menschen-im-mittelpunkt\/","og_locale":"de_DE","og_type":"article","og_title":"15 Jahre Medicalis: Eine Erfolgsgeschichte mit Menschen im Mittelpunkt\u00a0 - Medicalis","og_description":"Vor 15 Jahren \u00f6ffnete in Carouge die erste Medicalis-Filiale ihre T\u00fcren mit einer klaren Vision: Menschen und Gesundheitseinrichtungen auf vertrauensvolle Weise zusammenzubringen. Heute besch\u00e4ftigt Medicalis \u00fcber 70 Mitarbeitende an sechs Standorten in der ganzen Schweiz und geh\u00f6rt zur Interiman Group, dem f\u00fchrenden HR-Dienstleister der Schweiz.\u00a0\u00a0","og_url":"https:\/\/www.medicalis.ch\/de\/15-jahre-medicalis-eine-erfolgsgeschichte-mit-menschen-im-mittelpunkt\/","og_site_name":"Medicalis","article_publisher":"https:\/\/www.facebook.com\/Medicalis-1737325559702106\/","article_published_time":"2025-10-22T09:25:15+00:00","article_modified_time":"2025-10-22T09:25:30+00:00","og_image":[{"width":1708,"height":960,"url":"https:\/\/www.medicalis.ch\/wp-content\/uploads\/2025\/10\/15-Ans-15-Jahre-Medicalis-1.png","type":"image\/png"}],"author":"Marketing","twitter_card":"summary_large_image","twitter_misc":{"Verfasst von":"Marketing","Gesch\u00e4tzte Lesezeit":"3\u00a0Minuten"},"schema":{"@context":"https:\/\/schema.org","@graph":[{"@type":"Article","@id":"https:\/\/www.medicalis.ch\/de\/15-jahre-medicalis-eine-erfolgsgeschichte-mit-menschen-im-mittelpunkt\/#article","isPartOf":{"@id":"https:\/\/www.medicalis.ch\/de\/15-jahre-medicalis-eine-erfolgsgeschichte-mit-menschen-im-mittelpunkt\/"},"author":{"name":"Marketing","@id":"https:\/\/www.medicalis.ch\/de\/#\/schema\/person\/ad628b7940e64ad904db3a178a4b8afe"},"headline":"15 Jahre Medicalis: Eine Erfolgsgeschichte mit Menschen im Mittelpunkt\u00a0","datePublished":"2025-10-22T09:25:15+00:00","dateModified":"2025-10-22T09:25:30+00:00","mainEntityOfPage":{"@id":"https:\/\/www.medicalis.ch\/de\/15-jahre-medicalis-eine-erfolgsgeschichte-mit-menschen-im-mittelpunkt\/"},"wordCount":503,"publisher":{"@id":"https:\/\/www.medicalis.ch\/de\/#organization"},"image":{"@id":"https:\/\/www.medicalis.ch\/de\/15-jahre-medicalis-eine-erfolgsgeschichte-mit-menschen-im-mittelpunkt\/#primaryimage"},"thumbnailUrl":"https:\/\/www.medicalis.ch\/wp-content\/uploads\/2025\/10\/15-Ans-15-Jahre-Medicalis-1.png","articleSection":["Aktuelles"],"inLanguage":"de"},{"@type":"WebPage","@id":"https:\/\/www.medicalis.ch\/de\/15-jahre-medicalis-eine-erfolgsgeschichte-mit-menschen-im-mittelpunkt\/","url":"https:\/\/www.medicalis.ch\/de\/15-jahre-medicalis-eine-erfolgsgeschichte-mit-menschen-im-mittelpunkt\/","name":"15 Jahre Medicalis: Eine Erfolgsgeschichte mit Menschen im Mittelpunkt\u00a0 - Medicalis","isPartOf":{"@id":"https:\/\/www.medicalis.ch\/de\/#website"},"primaryImageOfPage":{"@id":"https:\/\/www.medicalis.ch\/de\/15-jahre-medicalis-eine-erfolgsgeschichte-mit-menschen-im-mittelpunkt\/#primaryimage"},"image":{"@id":"https:\/\/www.medicalis.ch\/de\/15-jahre-medicalis-eine-erfolgsgeschichte-mit-menschen-im-mittelpunkt\/#primaryimage"},"thumbnailUrl":"https:\/\/www.medicalis.ch\/wp-content\/uploads\/2025\/10\/15-Ans-15-Jahre-Medicalis-1.png","datePublished":"2025-10-22T09:25:15+00:00","dateModified":"2025-10-22T09:25:30+00:00","description":"Vor 15 Jahren \u00f6ffnete in Carouge die erste Medicalis-Filiale ihre T\u00fcren mit einer klaren Vision: Menschen und Gesundheitseinrichtungen auf vertrauensvolle Weise zusammenzubringen. Heute besch\u00e4ftigt Medicalis \u00fcber 70 Mitarbeitende an sechs Standorten in der ganzen Schweiz und geh\u00f6rt zur Interiman Group, dem f\u00fchrenden HR-Dienstleister der Schweiz.\u00a0\u00a0","breadcrumb":{"@id":"https:\/\/www.medicalis.ch\/de\/15-jahre-medicalis-eine-erfolgsgeschichte-mit-menschen-im-mittelpunkt\/#breadcrumb"},"inLanguage":"de","potentialAction":[{"@type":"ReadAction","target":["https:\/\/www.medicalis.ch\/de\/15-jahre-medicalis-eine-erfolgsgeschichte-mit-menschen-im-mittelpunkt\/"]}]},{"@type":"ImageObject","inLanguage":"de","@id":"https:\/\/www.medicalis.ch\/de\/15-jahre-medicalis-eine-erfolgsgeschichte-mit-menschen-im-mittelpunkt\/#primaryimage","url":"https:\/\/www.medicalis.ch\/wp-content\/uploads\/2025\/10\/15-Ans-15-Jahre-Medicalis-1.png","contentUrl":"https:\/\/www.medicalis.ch\/wp-content\/uploads\/2025\/10\/15-Ans-15-Jahre-Medicalis-1.png","width":1708,"height":960},{"@type":"BreadcrumbList","@id":"https:\/\/www.medicalis.ch\/de\/15-jahre-medicalis-eine-erfolgsgeschichte-mit-menschen-im-mittelpunkt\/#breadcrumb","itemListElement":[{"@type":"ListItem","position":1,"name":"Accueil","item":"https:\/\/www.medicalis.ch\/de\/"},{"@type":"ListItem","position":2,"name":"15 Jahre Medicalis: Eine Erfolgsgeschichte mit Menschen im Mittelpunkt\u00a0"}]},{"@type":"WebSite","@id":"https:\/\/www.medicalis.ch\/de\/#website","url":"https:\/\/www.medicalis.ch\/de\/","name":"Medicalis","description":"","publisher":{"@id":"https:\/\/www.medicalis.ch\/de\/#organization"},"potentialAction":[{"@type":"SearchAction","target":{"@type":"EntryPoint","urlTemplate":"https:\/\/www.medicalis.ch\/de\/?s={search_term_string}"},"query-input":{"@type":"PropertyValueSpecification","valueRequired":true,"valueName":"search_term_string"}}],"inLanguage":"de"},{"@type":"Organization","@id":"https:\/\/www.medicalis.ch\/de\/#organization","name":"Medicalis","url":"https:\/\/www.medicalis.ch\/de\/","logo":{"@type":"ImageObject","inLanguage":"de","@id":"https:\/\/www.medicalis.ch\/de\/#\/schema\/logo\/image\/","url":"https:\/\/www.medicalis.ch\/wp-content\/uploads\/2022\/12\/Medicalis_logotype_RVB_217x68.png","contentUrl":"https:\/\/www.medicalis.ch\/wp-content\/uploads\/2022\/12\/Medicalis_logotype_RVB_217x68.png","width":217,"height":68,"caption":"Medicalis"},"image":{"@id":"https:\/\/www.medicalis.ch\/de\/#\/schema\/logo\/image\/"},"sameAs":["https:\/\/www.facebook.com\/Medicalis-1737325559702106\/","https:\/\/www.linkedin.com\/company\/19057976\/"]},{"@type":"Person","@id":"https:\/\/www.medicalis.ch\/de\/#\/schema\/person\/ad628b7940e64ad904db3a178a4b8afe","name":"Marketing","image":{"@type":"ImageObject","inLanguage":"de","@id":"https:\/\/www.medicalis.ch\/de\/#\/schema\/person\/image\/","url":"https:\/\/secure.gravatar.com\/avatar\/f195d15fff822d4a270e0b5fb1a9e8c2747b615b4a99b3fcec5f6fcaf8b72d03?s=96&d=mm&r=g","contentUrl":"https:\/\/secure.gravatar.com\/avatar\/f195d15fff822d4a270e0b5fb1a9e8c2747b615b4a99b3fcec5f6fcaf8b72d03?s=96&d=mm&r=g","caption":"Marketing"},"url":"https:\/\/www.medicalis.ch\/de\/author\/teammarketing\/"}]}},"_links":{"self":[{"href":"https:\/\/www.medicalis.ch\/de\/wp-json\/wp\/v2\/posts\/1291818","targetHints":{"allow":["GET"]}}],"collection":[{"href":"https:\/\/www.medicalis.ch\/de\/wp-json\/wp\/v2\/posts"}],"about":[{"href":"https:\/\/www.medicalis.ch\/de\/wp-json\/wp\/v2\/types\/post"}],"author":[{"embeddable":true,"href":"https:\/\/www.medicalis.ch\/de\/wp-json\/wp\/v2\/users\/13"}],"replies":[{"embeddable":true,"href":"https:\/\/www.medicalis.ch\/de\/wp-json\/wp\/v2\/comments?post=1291818"}],"version-history":[{"count":1,"href":"https:\/\/www.medicalis.ch\/de\/wp-json\/wp\/v2\/posts\/1291818\/revisions"}],"predecessor-version":[{"id":1291819,"href":"https:\/\/www.medicalis.ch\/de\/wp-json\/wp\/v2\/posts\/1291818\/revisions\/1291819"}],"wp:featuredmedia":[{"embeddable":true,"href":"https:\/\/www.medicalis.ch\/de\/wp-json\/wp\/v2\/media\/1291822"}],"wp:attachment":[{"href":"https:\/\/www.medicalis.ch\/de\/wp-json\/wp\/v2\/media?parent=1291818"}],"wp:term":[{"taxonomy":"category","embeddable":true,"href":"https:\/\/www.medicalis.ch\/de\/wp-json\/wp\/v2\/categories?post=1291818"},{"taxonomy":"post_tag","embeddable":true,"href":"https:\/\/www.medicalis.ch\/de\/wp-json\/wp\/v2\/tags?post=1291818"}],"curies":[{"name":"wp","href":"https:\/\/api.w.org\/{rel}","templated":true}]}}